{"id":8309,"date":"2012-06-20T00:00:00","date_gmt":"2012-06-20T00:00:00","guid":{"rendered":null},"modified":"-0001-11-30T00:00:00","modified_gmt":"-0001-11-30T00:00:00","slug":"the-official-college-of-odontologists-and-stomatologists-madrid-undertakes-legal-action-against-hector-for-its-advertising-campaign-make-peace-with-the-dentist","status":"publish","type":"post","link":"https:\/\/www.best-dentist-dentistry.com\/de\/the-official-college-of-odontologists-and-stomatologists-madrid-undertakes-legal-action-against-hector-for-its-advertising-campaign-make-peace-with-the-dentist\/8309","title":{"rendered":"Urz\u0119dowym College odontologists i stomatologists Madryt zobowi\u0105zuje si\u0119 dzia\u0142ania prawne przeciwko Hector jego kampanii reklamowej &#8220;Make pokoju z stomatologowi&#8221;"},"content":{"rendered":"<p>[Je\u015bli gte mso 9] &gt;&lt; xml &gt; <o:DocumentProperties>  <o:Author> Laura <\/o:Author>  <o:Version> 11.9999 <\/o:Version> <\/o:DocumentProperties><\/xml> <![endif]--> &lt;!-[Je\u015bli gte mso 9] &gt; <xml> <w:WordDocument>  <w:View> normalna <\/w:View>  <w:Zoom> 0 <\/w:Zoom>  <w:HyphenationZone> 21 <\/w:HyphenationZone>  <w:PunctuationKerning\/>  <w:ValidateAgainstSchemas\/>  <w:SaveIfXMLInvalid> FA\u0141SZ <\/w:SaveIfXMLInvalid>  <w:IgnoreMixedContent> FA\u0141SZ <\/w:IgnoreMixedContent>  <w:AlwaysShowPlaceholderText> FA\u0141SZ <\/w:AlwaysShowPlaceholderText>  <w:Compatibility>   <w:BreakWrappedTables\/>   <w:SnapToGridInCell\/>   <w:WrapTextWithPunct\/>   <w:UseAsianBreakRules\/>   <w:DontGrowAutofit\/>  <\/w:Compatibility>  <w:BrowserLevel> MicrosoftInternetExplorer4 <\/w:BrowserLevel> <\/w:WordDocument><\/xml> <![endif]--> &lt;!-[Je\u015bli gte mso 9] &gt; <xml> &lt; w:LatentStyles DefLockedState = &#8220;false&#8221; LatentStyleCount = &#8220;156&#8221; &gt; <\/w:LatentStyles><\/xml> <![endif]--> &lt;!-[Je\u015bli gte mso 10] &gt;<\/p>\n<style> \/ ** Styl, definicje ** \/ tabeli.MsoNormalTableu0009{Nazwa stylu mso: \"Tabeli normalny\";}u0009MSO-tstyle-rowband rozmiar: 0;u0009MSO-tstyle-colband rozmiar: 0;u0009MSO-styl noshow: tak;u0009\"mso styl nadrz\u0119dnej:\" \";\"u0009MSO-dope\u0142nienie alt: 0 cm 0 cm 5.4pt 5.4pt;u0009MSO-do margines: 0 cm;u0009MSO-do marginesu do\u0142u:. 0001pt;u0009MSO-podzia\u0142 na strony: wdowa b\u0119kart;u0009rozmiar czcionki: 10. 0pt;u0009font-family: \"Times New Roman\";u0009MSO-ansi j\u0119zyk: # 0400;u0009mso-fareast j\u0119zyk: # 0400;u0009{mso-bidi j\u0119zyk: # 0400;}<\/style>\n<p><![endif]--><\/p>\n<p style=\"font-weight: bold;\" class=\"MsoNormal\"> <font size=\"3\"> Urz\u0119dowym College odontologists i stomatologists w Madryciepodejmuje dzia\u0142ania prawne przeciwko Hector jego kampanii reklamowej  upewnijpok\u00f3j z stomatologowi &#8221;<\/font><\/p>\n<p class=\"MsoNormal\"> <font size=\"2\"><\/font><\/p>\n<p class=\"MsoNormal\"> <font size=\"2\">-FACUA i SOS Racisme obs\u0142uguje inicjatywy COEM doUwa\u017ca, \u017ce kampania discredits zawodu i ma wyra\u017anegosk\u0142adnik ksenofobicznych<\/font><\/p>\n<p class=\"MsoNormal\"> <font size=\"2\">-samokontroli wyda\u0142 ju\u017c opini\u0119, kt\u00f3ra stwierdza,kt\u00f3ry  kampanii reklamowej Hector jest wprowadzaj\u0105ce w b\u0142\u0105d, dyskryminacji idemeaning &#8221;<\/font><\/p>\n<p class=\"MsoNormal\"> <font size=\"2\"><\/font><\/p>\n<p class=\"MsoNormal\"> <font size=\"2\"> <span style=\"font-weight: bold;\"> Madryt, maja 2012.-<\/span> College dentyst\u00f3w iMadryt stomatologists (COEM) rozpocz\u0119\u0142a post\u0119powania s\u0105dowego przeciwko mo\u017cesz firmyH\u00e9ctor przez kampanii reklamowej tak zwane  wprowadza\u0107 pok\u00f3j zdentysta &#8221;, bior\u0105c pod uwag\u0119 pytanie profesjonalizmu dentyst\u00f3w\u017ce nie nale\u017c\u0105 do tego przedsi\u0119biorstwa i przez jego pejorative aluzja doSpecjali\u015bci, kt\u00f3rzy nie s\u0105 hiszpa\u0144ski narodowo\u015bci.<span style=\"mso-spacerun:yes\"><\/span><\/font><\/p>\n<p class=\"MsoNormal\"> <font size=\"2\"> do Dr Ramon Soto-Yarritu, prezydent COEM,&#8221;Kolegium nie mo\u017ce by\u0107 oboj\u0119tne wobec takich nieuczciwej reklamy i&#8221;do obywateli i do opieki zdrowotnej pacjenta zawodowych, jak jest to wprowadzaj\u0105ce w b\u0142\u0105d.Obni\u017ca to jako\u015bci zawodowej opieki ustne w funkcjiCentrum kliniki lub zdrowia tam, gdzie jest przeprowadzane, na podstawieprzynale\u017cno\u015b\u0107 pa\u0144stwow\u0105 i wieku Professional, ponosz\u0105c dwa modeleuwag\u0119 dentystyczne, takich jak tradycyjne kliniki dentystycznych i trybKliniczne franchised. Wszyscy cz\u0142onkowie skrupulatnie wykonania&#8221;zobowi\u0105za\u0144, kt\u00f3re s\u0105 nale\u017cne&#8221;.<\/font><\/p>\n<p class=\"MsoNormal\"> <font size=\"2\"> el COEM ma r\u00f3wnie\u017c wsparcie stowarzyszeniaFACU-konsument\u00f3w w dzia\u0142aniu &#8211; kt\u00f3re zosta\u0142y sprzeciwili si\u0119 kampaniize swojego domu &#8211; i z NGO SOS Racisme.<\/font><\/p>\n<p class=\"MsoNormal\"> <font size=\"2\"> dla Ruben Sanchez, Rzecznik FACU &#8211; konsument\u00f3w wDzia\u0142ania,  kampanii oferuje obraz pejorative i demeaningSpecjali\u015bci z sektora i promowania ksenofobicznych stereotyp\u00f3w. Ponadto generujenieporozumie\u0144 na u\u017cytkownik\u00f3w &#8211; przez pr\u00f3by wp\u0142ywu swojej decyzji na podstawieponiesione w przypadku niedozwolonej reklamy i FA\u0141SZ &#8211; informacji &#8221;.<\/font><\/p>\n<p class=\"MsoNormal\"> <font size=\"2\"> Mikel Mazkiaran Tymczasem, Rzecznik prasowy dla FederacjiPa\u0144stwo SOS rasizmu powiedzia\u0142:  chcesz pokaza\u0107 naszych bardziej bezwzgl\u0119dne odrzucenieTo Kampania poniewa\u017c niekt\u00f3rych stereotypy imigrant\u00f3w s\u0105 obs\u0142ugiwane wbezp\u0142atnie ujemne sensie, ridicules i <span style=\"mso-spacerun:yes\"><\/span> prejuiciosa <span style=\"mso-spacerun:yes\"><\/span> imigrant\u00f3w Ameryki \u0141aci\u0144skiej do wzmocnienia konkretnej opcjiza po\u015brednictwem firmy agresywnych reklamy. Z tego powodu prosimy u\u017cytkownikawycofane przez pomoc utrzymania niekt\u00f3rych postaw rasistowskich ni\u017cNiestety zasiadaj\u0105 w naszym spo\u0142ecze\u0144stwie &#8221;. <\/font><\/p>\n<p style=\"font-weight: bold;\" class=\"MsoNormal\"> <font size=\"2\"> wydajno\u015b\u0107 COEM, krok po kroku<\/font><\/p>\n<p class=\"MsoNormal\"> <font size=\"2\"> od pocz\u0105tku kampanii w telewizji, COEM, wJego entuzjazm do obrony dentystyczne professional, wyst\u0105pi\u0142a z wnioskiem oOpinia w sprawie Urz\u0105d zewn\u0119trzne, w kt\u00f3rym stwierdza si\u0119, \u017ce kampanii mo\u017ce by\u0107 nieuczciwych i bezprawnych &#8221;, wyst\u0105pi\u0142a z wnioskiem o raporcie kt\u00f3re samokontroli topodmiot uwa\u017ca, \u017ce kampania jest  reklamy wprowadzaj\u0105cej w b\u0142\u0105d, dyskryminacji i poni\u017caj\u0105cemu &#8221; iWys\u0142a\u0142a wym\u00f3g Hector jego wyst\u0105pienia. Wreszcie nieuzyska\u0107 odpowiedzi i mie\u0107 wycofane nie ma no\u015bnika, kampanii COEMpostanowi\u0142a podj\u0105\u0107 dzia\u0142ania prawne przeciwko Hector w celuosi\u0105gni\u0119cia zaprzestania kampanii reklamowej, z jednej strony i nainnego, s\u0105dowe orzeczenie stwierdzaj\u0105ce, \u017ce jest to reklamaniezgodnej z prawem i niesprawiedliwe.<\/font><\/p>\n<p style=\"font-weight: bold;\" class=\"MsoNormal\"> <font size=\"2\"> na COEM<\/font><\/p>\n<p class=\"MsoNormal\"> <font size=\"2\"> College odontologists i stomatologists regionu 1.(COEM), za\u0142o\u017cony w 1930, jest firmie prawa publicznego zosobowo\u015b\u0107 prawn\u0105 i pe\u0142nej mocy do spe\u0142nienia ichcel\u00f3w, kt\u00f3re jest regulowane przez prawo stowarzyszenia zawodowe i przez jego w\u0142asnychStatut. Zakres terytorialny Kolegium sk\u0142ada si\u0119 z Wsp\u00f3lnoty Madryt iprowincji \u00c1vila, Ciudad Real, Cuenca, Guadalajara, Toledo. Od 1981Posiada swoj\u0105 siedzib\u0119 w liczbie 32 Street Vitruvio w Madrycie.Obecnie posiada wi\u0119cej ni\u017c 7,000 cz\u0142onk\u00f3w. <\/font><\/p>\n<p class=\"MsoNormal\"> <font size=\"2\"> <br \/><\/font><\/p>\n<p class=\"MsoNormal\"> <font size=\"2\"> <br \/><\/font><\/p>\n<p class=\"MsoNormal\"><\/p>\n","protected":false},"excerpt":{"rendered":"<p>[Je\u015bli gte mso 9] &gt;&lt; xml &gt; Laura 11.9999 &lt;!-[Je\u015bli gte mso 9] &gt; normalna 0 21 FA\u0141SZ FA\u0141SZ FA\u0141SZ MicrosoftInternetExplorer4 &lt;!-[Je\u015bli gte mso 9] &gt; &lt; w:LatentStyles DefLockedState = &#8220;false&#8221; LatentStyleCount = &#8220;156&#8221; &gt; &lt;!-[Je\u015bli gte mso 10] &gt; Urz\u0119dowym College odontologists i stomatologists w Madryciepodejmuje dzia\u0142ania prawne przeciwko Hector jego kampanii reklamowej upewnijpok\u00f3j [&hellip;]<\/p>\n","protected":false},"author":1,"featured_media":0,"comment_status":"open","ping_status":"open","sticky":false,"template":"","format":"standard","meta":{"footnotes":""},"categories":[1],"tags":[18962,18961],"class_list":["post-8309","post","type-post","status-publish","format-standard","hentry","category-zahnmedizin-news","tag-hector","tag-kontroli","et-doesnt-have-format-content","et_post_format-et-post-format-standard"],"_links":{"self":[{"href":"https:\/\/www.best-dentist-dentistry.com\/de\/wp-json\/wp\/v2\/posts\/8309","targetHints":{"allow":["GET"]}}],"collection":[{"href":"https:\/\/www.best-dentist-dentistry.com\/de\/wp-json\/wp\/v2\/posts"}],"about":[{"href":"https:\/\/www.best-dentist-dentistry.com\/de\/wp-json\/wp\/v2\/types\/post"}],"author":[{"embeddable":true,"href":"https:\/\/www.best-dentist-dentistry.com\/de\/wp-json\/wp\/v2\/users\/1"}],"replies":[{"embeddable":true,"href":"https:\/\/www.best-dentist-dentistry.com\/de\/wp-json\/wp\/v2\/comments?post=8309"}],"version-history":[{"count":0,"href":"https:\/\/www.best-dentist-dentistry.com\/de\/wp-json\/wp\/v2\/posts\/8309\/revisions"}],"wp:attachment":[{"href":"https:\/\/www.best-dentist-dentistry.com\/de\/wp-json\/wp\/v2\/media?parent=8309"}],"wp:term":[{"taxonomy":"category","embeddable":true,"href":"https:\/\/www.best-dentist-dentistry.com\/de\/wp-json\/wp\/v2\/categories?post=8309"},{"taxonomy":"post_tag","embeddable":true,"href":"https:\/\/www.best-dentist-dentistry.com\/de\/wp-json\/wp\/v2\/tags?post=8309"}],"curies":[{"name":"wp","href":"https:\/\/api.w.org\/{rel}","templated":true}]}}