{"id":8310,"date":"2012-06-20T00:00:00","date_gmt":"2012-06-20T00:00:00","guid":{"rendered":null},"modified":"-0001-11-30T00:00:00","modified_gmt":"-0001-11-30T00:00:00","slug":"2013-dental-forum-moved-to-the-grounds-of-fira-de-barcelonas-gran-via","status":"publish","type":"post","link":"https:\/\/www.best-dentist-dentistry.com\/de\/2013-dental-forum-moved-to-the-grounds-of-fira-de-barcelonas-gran-via\/8310","title":{"rendered":"2013 Dentystyczne Forum przeni\u00f3s\u0142 si\u0119 do podstawy Fira de Barcelona Gran Via."},"content":{"rendered":"<p><strong>2013 Dentystyczne Forum przeni\u00f3s\u0142 si\u0119 do podstawy Fira de Barcelona Gran Via. <\/p>\n<p><\/strong><font size=\"2\"> <strong>Hall rozpoczyna now\u0105 faz\u0119 oznaczone dynamika sektora.<\/strong> <\/p>\n<p>-Forum dentystycznego, FDM, pozostawia Montju\u00efc i przeni\u00f3s\u0142 si\u0119 do 1 Palace komory Gran Via Fira de Barcelona, kt\u00f3rego b\u0119dzie \u015bwi\u0119towa\u0107 jego 8th Edition &#8211; pierwszy zorganizowane przez Messe D\u00fcsseldorf &#8211; od 11 do 13 kwietnia 2013 r. Fira de Barcelona pragnie przyczyni\u0107 si\u0119 do zwi\u0119kszenia dzia\u0142alno\u015bci handlowej i do generowania biznesowych, jak r\u00f3wnie\u017c umie\u015b\u0107 zdarzenia jako punkt odniesienia w sektorze. Ponadto wzmocni i wymiany wiedzy z bardziej naukowej kongres\u00f3w, konferencji i nowych dzia\u0142a\u0144 <\/p>\n<p> <strong>Barcelona, maja 2012.-<\/strong> odpowiedzialnych za dentystyczne Forum przedstawione ostatnim kwietniu strategicznych kierunk\u00f3w jego kolejnej edycji, uzgodnione z g\u0142\u00f3wnych graczy w przemy\u015ble i sektorze dentystycznezar\u00f3wno poda\u017cy jak i popytu. Ucz\u0119szcza\u0142 do tej prezentacji przez ponad 40 mened\u017cerowie sp\u00f3\u0142ek z sektory reprezentowane w Hall, wezwani do uczestniczenia w projekt nowego formatu konkurencji i dostosowania do ich interes\u00f3w.  z tej inicjatywy chcemy przylega\u0107 do sektora i reagowania na ich potrzeb i &#8221;, wyja\u015bniono Albert p\u0142aski, dyrektor handlowy obszar Fira de Barcelona. <\/p>\n<p>W\u015br\u00f3d g\u0142\u00f3wnych innowacji nast\u0119pnej edycji Forum, podkre\u015bla jej przekazania Montju\u00efc Pavilion 1 obudowy Fira de Barcelona Gran Via. Zaprojektowany przez japo\u0144ski architekt Toyo Ito, nowych targ\u00f3w odpowiada skutecznie bie\u017c\u0105ce wymagania sp\u00f3\u0142ek: wyposa\u017cony jest w najbardziej zaawansowanych technologii targ\u00f3w, jego wystawie spacje s\u0105 bardzo funkcjonalne i mie\u0107 prze\u015bwiecaj\u0105ce togi rozk\u0142ad, kt\u00f3ry u\u0142atwia monta\u017cu, demonta\u017c i logistykaOpr\u00f3cz ca\u0142ego szeregu kuchni i konferencji pokoje. <\/p>\n<p>Dla Planas  obrazu salonie musi odpowiada\u0107 sektorze, kt\u00f3ra wyr\u00f3\u017cnia si\u0119 jego ogromnej zdolno\u015bci dla innowacji i zobowi\u0105zanie do jako\u015bci. &#8220;W tym znaczeniu, nowej siedziby jest bez w\u0105tpienia najbardziej odpowiednich&#8221;. Zgodnie z Roger Mitjana, dyrektor salon,  nowych mieszanek r\u00f3wnie\u017c umo\u017cliwia integrowanie jedna z sal konferencyjnych w obszarze wystawy 1 Palace i tym samym poprawi\u0107 przep\u0142yw os\u00f3b odwiedzaj\u0105cych, \u017c\u0105danie, kt\u00f3re zosta\u0142y przeniesione nas wielu wystawc\u00f3w &#8221;. <\/p>\n<p>Miejsce Gran Via jest r\u00f3wnie\u017c bardzo dobrze przekazanych, zaledwie 10 minut od lotniska Barcelona, Barcelona 10 w publicznego transportu siedze\u0144 (FGC), tylko 3 km od komory Plaza Hiszpanii i z 4 parkowanie w celu wi\u0119cej ni\u017c 4,500. Istnieje r\u00f3wnie\u017c wielki wyb\u00f3r Hotele z 25,996 pokoje w promieniu kilka kilometr\u00f3w. <\/p>\n<p><strong>Bardziej komercyjnych dzia\u0142alno\u015bci i dzia\u0142alno\u015bci<\/strong> <\/p>\n<p>Inny strategicznych kierunk\u00f3w konkursu jest zobowi\u0105zanie do zwi\u0119kszenia dzia\u0142alno\u015bci handlowej i wygenerowa\u0107 biznesowych. Do Fira de Barcelona jako organizatora Forum mo\u017ce zosta\u0107 wy\u015bwietlony, na przyk\u0142ad sieci przedstawicielstw zamorskich, reprezentacji w pa\u0144stwach 33, do intensywnej pracy promocji i rekrutacji wystawc\u00f3w, Go\u015bcie i delegat\u00f3w. Zgodnie z p\u0142askim  w gospodarce uniwersalnych, jeden z naszych g\u0142\u00f3wnych cel\u00f3w ma by\u0107 \u015bwiatowym liderem dzia\u0142aj\u0105cych lokalnie. W tym wierszu, chcemy, aby przekonwertowa\u0107 Forum do  koncentratora &#8221; lub centrum wzajemnych po\u0142\u0105cze\u0144 dzia\u0142alno\u015bci i wiedz\u0119 o sektorze pomi\u0119dzy Hiszpani\u0105 a nowych rynk\u00f3w &#8221;. <\/p>\n<p>Dla Dr Jos\u00e9 Luis Navarro, prezydent stowarzyszenia Professional dentyst\u00f3w i stomatologists Katalonii (COEC) i Mi\u0119dzynarodowego Forum dentystyczne,  it&rsquo;s time to naukowych Kongresu, opr\u00f3cz konsolidacji p\u00f3\u0142wysep, wypycha granice, i w tym celu potrzebujemy struktury i profesjonalizmu instytucji takich jak Fira de Barcelona &#8221;. Ponadto, odb\u0119dzie si\u0119 w tym roku  1st Europejskiego Forum Dental &#8221;, kt\u00f3re oznaczy wzorc\u00f3w wzrostu w sektorze. <\/p>\n<p>W tym wierszu wyra\u017ca r\u00f3wnie\u017c Mitjana, kt\u00f3ry wskazuje, \u017ce  zrobi\u0105 wszystko co wspiera\u0107 nauk\u0119 i interakcji mi\u0119dzy krajowym i mi\u0119dzynarodowym specjalist\u00f3w, przy u\u017cyciu narz\u0119dzi jako  mecz Business &#8221;, kt\u00f3ry u\u0142atwia tworzenie kontakt\u00f3w i spotka\u0144. Inne zmiany obejmuj\u0105 utworzenie  innowacji &#8221; i  g\u0142o\u015bniki &#8217; rogu &#8221;, gdzie wystawc\u00f3w mo\u017cna poda\u0107 swoje produkty i nowo\u015bci w sesjach 30 minut. <\/p>\n<p>Zgodnie z p\u0142askim  podniesiony uczciwego, wydajnego i efektywnego kosztowo jako mo\u017cliwe do wystawc\u00f3w, kt\u00f3rzy b\u0119d\u0105 korzysta\u0107 z r\u00f3\u017cne propozycje dla u\u0142atwienia ich uczestnictwa i jako\u015bci odwiedzaj\u0105cych staranne wywo\u0142anie znalezienia nowych dostawc\u00f3w i us\u0142ug. Nasze obsession &#8211; stwierdza &#8211; jest zwrot z inwestycji w sp\u00f3\u0142kach uczestnicz\u0105cych &#8221;. <\/p>\n<p>Podobnie jak inne pomieszczenia Fira de Barcelona b\u0119dzie Komitet Steruj\u0105cy sk\u0142adaj\u0105cy si\u0119 z przedstawicieli wszystkich podsektor\u00f3w dentystyczne pola doradzanie i kierunku Hall i uczestniczy\u0107 w projekt jej planu strategicznego. R\u00f3wnie\u017c z tego Komitetu, aby utworzy\u0107 Komitet kt\u00f3rych funkcje s\u0105 do opracowania i zidentyfikowa\u0107 najlepszy program naukowych dla Kongresu, kt\u00f3ry b\u0119dzie mia\u0142 struktur\u0119 wok\u00f3\u0142 kilku temat\u00f3w takich jak 3D diagnozy, powi\u0119kszenie w stomatologii i system\u00f3w CAD\/CAM, mi\u0119dzy innymi. <\/p>\n<p><\/font><\/p>\n","protected":false},"excerpt":{"rendered":"<p>2013 Dentystyczne Forum przeni\u00f3s\u0142 si\u0119 do podstawy Fira de Barcelona Gran Via. Hall rozpoczyna now\u0105 faz\u0119 oznaczone dynamika sektora. -Forum dentystycznego, FDM, pozostawia Montju\u00efc i przeni\u00f3s\u0142 si\u0119 do 1 Palace komory Gran Via Fira de Barcelona, kt\u00f3rego b\u0119dzie \u015bwi\u0119towa\u0107 jego 8th Edition &#8211; pierwszy zorganizowane przez Messe D\u00fcsseldorf &#8211; od 11 do 13 kwietnia 2013 [&hellip;]<\/p>\n","protected":false},"author":1,"featured_media":0,"comment_status":"open","ping_status":"open","sticky":false,"template":"","format":"standard","meta":{"footnotes":""},"categories":[1],"tags":[18962,18963,18964],"class_list":["post-8310","post","type-post","status-publish","format-standard","hentry","category-zahnmedizin-news","tag-hector","tag-podstawy","tag-via","et-doesnt-have-format-content","et_post_format-et-post-format-standard"],"_links":{"self":[{"href":"https:\/\/www.best-dentist-dentistry.com\/de\/wp-json\/wp\/v2\/posts\/8310","targetHints":{"allow":["GET"]}}],"collection":[{"href":"https:\/\/www.best-dentist-dentistry.com\/de\/wp-json\/wp\/v2\/posts"}],"about":[{"href":"https:\/\/www.best-dentist-dentistry.com\/de\/wp-json\/wp\/v2\/types\/post"}],"author":[{"embeddable":true,"href":"https:\/\/www.best-dentist-dentistry.com\/de\/wp-json\/wp\/v2\/users\/1"}],"replies":[{"embeddable":true,"href":"https:\/\/www.best-dentist-dentistry.com\/de\/wp-json\/wp\/v2\/comments?post=8310"}],"version-history":[{"count":0,"href":"https:\/\/www.best-dentist-dentistry.com\/de\/wp-json\/wp\/v2\/posts\/8310\/revisions"}],"wp:attachment":[{"href":"https:\/\/www.best-dentist-dentistry.com\/de\/wp-json\/wp\/v2\/media?parent=8310"}],"wp:term":[{"taxonomy":"category","embeddable":true,"href":"https:\/\/www.best-dentist-dentistry.com\/de\/wp-json\/wp\/v2\/categories?post=8310"},{"taxonomy":"post_tag","embeddable":true,"href":"https:\/\/www.best-dentist-dentistry.com\/de\/wp-json\/wp\/v2\/tags?post=8310"}],"curies":[{"name":"wp","href":"https:\/\/api.w.org\/{rel}","templated":true}]}}