{"id":8317,"date":"2012-06-20T00:00:00","date_gmt":"2012-06-20T00:00:00","guid":{"rendered":null},"modified":"-0001-11-30T00:00:00","modified_gmt":"-0001-11-30T00:00:00","slug":"the-icoev-dignifies-the-valencian-dentist-and-responds-to-hector-with-a-video-that-breaks-with-the-offensive-stereotypes-displayed-by-the-multinational-company-in-his-last-campaign","status":"publish","type":"post","link":"https:\/\/www.best-dentist-dentistry.com\/de\/the-icoev-dignifies-the-valencian-dentist-and-responds-to-hector-with-a-video-that-breaks-with-the-offensive-stereotypes-displayed-by-the-multinational-company-in-his-last-campaign\/8317","title":{"rendered":"ICOEV dignifies dentysta valenci\u00e0 i odpowiada Hector z wideo \u0142ami\u0105c\u0105 ze stereotypami obra\u017aliwe wy\u015bwietlane przez przedsi\u0119biorstwo wielonarodowych w jego ostatniej kampanii"},"content":{"rendered":"<p style=\"font-weight: bold;\"> <font size=\"3\"> <span lang=\"ES\"> ICOEV dignifies dentysta valenci\u00e0 i odpowiada Hector z si\u0119 podzia\u0142y ze stereotypami obra\u017aliwe wy\u015bwietlane przez przedsi\u0119biorstwo wielonarodowych w jego ostatni\u0105 kampani\u0119 wideo<\/span><\/font><\/p>\n<p><font size=\"2\"> <span lang=\"ES\"><\/span><\/font><\/p>\n<p><font size=\"2\"> <span lang=\"ES\">-Kolegium podkre\u015bla etycznych zobowi\u0105zania dentyst\u00f3w z ich pacjent\u00f3w obs\u0142ugiwanych przez potrzeb\u0119 ustalania priorytet\u00f3w kryteria zdrowotne z handlowego<\/span><\/font><\/p>\n<p><font size=\"2\"> <span lang=\"ES\">-valenci\u00e0 dentyst\u00f3w twierdz\u0105 r\u00f3wnie\u017c wsparcie instytucjonalne kszta\u0142cenie lekarsko-dentystyczne opieki zdrowotnej Buco dentystycznego ubogim<\/span><\/font><\/p>\n<p><font size=\"2\"> <span lang=\"ES\"><\/span><\/font><\/p>\n<p><font size=\"2\"> <span lang=\"ES\"> <span style=\"font-weight: bold;\"> valencia, maja 2012.-<\/span> komentowa\u0142 valenci\u00e0 dentyst\u00f3w wykazuj\u0105ce jego prawdziwe rzeczywisto\u015bci zawodowej i zerwanie z obra\u017aliwe i stereotypowe wizji zaproponowanej przez Hector na tej grupy zawodowe w jego ostatni\u0105 kampani\u0119, zosta\u0142y niekt\u00f3re cele, kt\u00f3re doprowadzi\u0142y do Kolegium dentyst\u00f3w i stomatologists w Walencji do rozwoju instytucjonalnego wideo zosta\u0142a przed\u0142o\u017cona w dniu 25 kwietnia do Media.<\/span><\/font><\/p>\n<p><font size=\"2\"> <span lang=\"ES\"><\/span><\/font><\/p>\n<p><font size=\"2\"> <span lang=\"ES\"> podczas tego filmu wideo, pacjent\u00f3w dw\u00f3ch zaanga\u017cowanych obejmuj\u0105 zabezpiecze\u0144 oferowanych przez rozwi\u0105zuj\u0105ce dentyst\u00f3w jako uczciwo\u015b\u0107, zaufania, profesjonalizmu, blisko\u015b\u0107 i jako\u015bci \u015bwiadczonych us\u0142ug, zawsze dostosowywa\u0142y si\u0119 do rzeczywistych potrzeb ka\u017cdego pacjenta w jasne aluzja do zawodowych i etyki czynniki Dlaczego \u017ceglarstwo i zapewnia zawodowych valenci\u00e0.<\/span><\/font><\/p>\n<p><font size=\"2\"> <span lang=\"ES\"><\/span><\/font><\/p>\n<p><font size=\"2\"> <span lang=\"ES\"> r\u00f3wnie\u017c odzwierciedla technicznej kwalifikacji i etyki zawodowej, kt\u00f3re dentyst\u00f3w uczestniczy\u0107 Valencians potrzeb dentystyczne, poprzez wideo w kt\u00f3rym m\u0142oda kobieta narzeka z niepotrzebne komplikacje w zasadzie diagnozy \u015bwiadczone przez wielonarodowych kliniki dentystycznych.<\/span><\/font><\/p>\n<p><font size=\"2\"> <span lang=\"ES\"><\/span><\/font><\/p>\n<p><font size=\"2\"> <span lang=\"ES\"> podczas innych funkcji ucisza go, podkre\u015blaj\u0105c profesjonalizmu, etyki i przygotowanie zarejestrowanych dentyst\u00f3w, szczeg\u00f3lnie jego uczciwo\u015b\u0107.<\/span><\/font><\/p>\n<p><font size=\"2\"> <span lang=\"ES\"><\/span><\/font><\/p>\n<p><font size=\"2\"> <span lang=\"ES\"><\/span><\/font><\/p>\n<p><font size=\"2\"> <span lang=\"ES\"> el ICOEV ma priorytet zeznania dw\u00f3ch pacjent\u00f3w w jego wideo dla obywateli wysoko ceniona wyrazi\u0142y kierunku valenci\u00e0 dentyst\u00f3w w r\u00f3\u017cnych i sonda\u017ce publicznej od Rady og\u00f3lnej i ze szko\u0142y valenci\u00e0.<\/span><\/font><\/p>\n<p><font size=\"2\"> <span lang=\"ES\"><\/span><\/font><\/p>\n<p style=\"font-weight: bold;\"> <font size=\"2\"> <span lang=\"ES\"> obraz dentyst\u00f3w<\/span><\/font><\/p>\n<p><font size=\"2\"> <span lang=\"ES\"> nieuczciwych obraz na dentyst\u00f3w  \u017cycia &#8221; oferowane przez Hector na jego ostatni\u0105 kampani\u0119 by\u0142 jednym z powod\u00f3w, kt\u00f3re doprowadzi\u0142y ICOEV na przygotowanie i z\u0142o\u017cenie tego filmu wideo, kt\u00f3ra odzwierciedla rzeczywisto\u015bci specjalist\u00f3w valenci\u00e0 przeciwko obra\u017aliwe stereotypy oferowane przez Hector, ca\u0142kowicie od rzeczywisto\u015bci.<\/span><\/font><\/p>\n<p><font size=\"2\"> <span lang=\"ES\"><\/span><\/font><\/p>\n<p><font size=\"2\"> <span lang=\"ES\"> kampanii wypowiedziana przez Rad\u0119 Generaln\u0105 do Autocontrol, podmiot, kt\u00f3ry da\u0142 mu pow\u00f3d zar\u00f3wno do Rady, jak i do szko\u0142y, ze szkod\u0105 dla Hector.<\/span><\/font><\/p>\n<p><font size=\"2\"> <span lang=\"ES\"><\/span><\/font><\/p>\n<p><font size=\"2\"> <span lang=\"ES\"> w odpowiedzi na ten obraz, prezydent ICOEV wymaga\u0142o wi\u0119kszej odpowiedzialno\u015bci na utylizacj\u0119 reklamy, kt\u00f3ra mo\u017ce by\u0107 dostarczana do zagadnie\u0144 zwi\u0105zanych ze zdrowiem, w kt\u00f3rych traktowanie nie pasuje kryterium ni\u017c zdrowia, aluzja do argument\u00f3w kryteri\u00f3w reklamy w kampanii Hector.<\/span><\/font><\/p>\n<p><font size=\"2\"> <span lang=\"ES\"><\/span><\/font><\/p>\n<p><font size=\"2\"> <span lang=\"ES\"> w tym sensie, Enrique Llobell podkre\u015bli\u0142a wysokiego szczebla technicznych, zawodowe i etyczne dentyst\u00f3w valenci\u00e0 w ich relacji z pacjentem, kt\u00f3re jest zatwierdzone przez ma\u0142\u0105 liczb\u0119 skarg w Kolegium, z wi\u0119cej ni\u017c 20 skarg w szkole dla us\u0142ug \u015bwiadczonych przez Hector.<\/span><\/font><\/p>\n<p><font size=\"2\"> <span lang=\"ES\"><\/span><\/font><\/p>\n<p style=\"font-weight: bold;\"> <font size=\"2\"> <span lang=\"ES\"> cele dla stomatologii<\/span><\/font><\/p>\n<p><font size=\"2\"> <span lang=\"ES\"> na drugiej strony i cele College w ci\u0105gu najbli\u017cszych kilku lat, swojego przewodnicz\u0105cego podkre\u015bli\u0142a potrzeb\u0119 zach\u0119t czemu uprzywilejowanych klas spo\u0142ecznych mo\u017cna odbiera\u0107 w\u0142a\u015bciwej opieki buco dentystycznego konserwatywny.<\/span><\/font><\/p>\n<p><font size=\"2\"> <span lang=\"ES\"><\/span><\/font><\/p>\n<p><font size=\"2\"> <span lang=\"ES\"> innych cel\u00f3w udost\u0119pnione przez Kolegium zosta\u0142y umieszczone na potrzeb\u0119 poprawy opieki dla dzieci i m\u0142odzie\u017cy program\u00f3w populacji. \u015awiadomo\u015bci zosta\u0142a innego obszaru, na kt\u00f3rym przewodnicz\u0105cy dentyst\u00f3w valenci\u00e0 wyrazi\u0142 zainteresowanie.<\/span><\/font><\/p>\n<p><font size=\"2\"> <span lang=\"ES\"><\/span><\/font><\/p>\n<p><font size=\"2\"> <span lang=\"ES\"> w szczeg\u00f3lno\u015bci, na potrzeby edukowania ludno\u015bci na znaczenie, jakie ma uz\u0119bienia do przysz\u0142ego stanu zdrowia z\u0119by sta\u0142e, poprawy edukacji w zakresie higieny buco dentystycznego z programami zapobiegawczych uczy\u0142 w szko\u0142ach i uzyska\u0107, \u017ce Rady og\u00f3lnej kampanii edukacyjnych maj\u0105 wi\u0119ksze wsparcie od administracji publicznej.<\/span><\/font><\/p>\n<p><font size=\"2\"> <br \/> <span lang=\"ES\"><\/span><\/font><\/p>\n<p><font size=\"2\"> <br \/> <span lang=\"ES\"><\/span><\/font><\/p>\n<p style=\"text-autospace:none\"> <span lang=\"ES\"> <br \/><\/span><\/p>\n","protected":false},"excerpt":{"rendered":"<p>ICOEV dignifies dentysta valenci\u00e0 i odpowiada Hector z si\u0119 podzia\u0142y ze stereotypami obra\u017aliwe wy\u015bwietlane przez przedsi\u0119biorstwo wielonarodowych w jego ostatni\u0105 kampani\u0119 wideo -Kolegium podkre\u015bla etycznych zobowi\u0105zania dentyst\u00f3w z ich pacjent\u00f3w obs\u0142ugiwanych przez potrzeb\u0119 ustalania priorytet\u00f3w kryteria zdrowotne z handlowego -valenci\u00e0 dentyst\u00f3w twierdz\u0105 r\u00f3wnie\u017c wsparcie instytucjonalne kszta\u0142cenie lekarsko-dentystyczne opieki zdrowotnej Buco dentystycznego ubogim valencia, maja 2012.- [&hellip;]<\/p>\n","protected":false},"author":1,"featured_media":0,"comment_status":"open","ping_status":"open","sticky":false,"template":"","format":"standard","meta":{"footnotes":""},"categories":[1],"tags":[18982,18984,18983],"class_list":["post-8317","post","type-post","status-publish","format-standard","hentry","category-zahnmedizin-news","tag-spka","tag-wywietlane","tag-amic","et-doesnt-have-format-content","et_post_format-et-post-format-standard"],"_links":{"self":[{"href":"https:\/\/www.best-dentist-dentistry.com\/de\/wp-json\/wp\/v2\/posts\/8317","targetHints":{"allow":["GET"]}}],"collection":[{"href":"https:\/\/www.best-dentist-dentistry.com\/de\/wp-json\/wp\/v2\/posts"}],"about":[{"href":"https:\/\/www.best-dentist-dentistry.com\/de\/wp-json\/wp\/v2\/types\/post"}],"author":[{"embeddable":true,"href":"https:\/\/www.best-dentist-dentistry.com\/de\/wp-json\/wp\/v2\/users\/1"}],"replies":[{"embeddable":true,"href":"https:\/\/www.best-dentist-dentistry.com\/de\/wp-json\/wp\/v2\/comments?post=8317"}],"version-history":[{"count":0,"href":"https:\/\/www.best-dentist-dentistry.com\/de\/wp-json\/wp\/v2\/posts\/8317\/revisions"}],"wp:attachment":[{"href":"https:\/\/www.best-dentist-dentistry.com\/de\/wp-json\/wp\/v2\/media?parent=8317"}],"wp:term":[{"taxonomy":"category","embeddable":true,"href":"https:\/\/www.best-dentist-dentistry.com\/de\/wp-json\/wp\/v2\/categories?post=8317"},{"taxonomy":"post_tag","embeddable":true,"href":"https:\/\/www.best-dentist-dentistry.com\/de\/wp-json\/wp\/v2\/tags?post=8317"}],"curies":[{"name":"wp","href":"https:\/\/api.w.org\/{rel}","templated":true}]}}