{"id":8438,"date":"2012-06-23T02:22:56","date_gmt":"2012-06-23T02:22:56","guid":{"rendered":null},"modified":"-0001-11-30T00:00:00","modified_gmt":"-0001-11-30T00:00:00","slug":"asturias-reverts-to-regional-elections","status":"publish","type":"post","link":"https:\/\/www.best-dentist-dentistry.com\/de\/asturias-reverts-to-regional-elections\/8438","title":{"rendered":"Asturias kehrt zu regionalen Wahlen"},"content":{"rendered":"<p class=\"first\"> MADRID (Reuters) &#8211; Asturien Sonntag feierte seinen zweiten regionalen Wahlen in weniger als einem Jahr, nach Monaten der politischen Sackgasse in die Zustimmung der regionalen Haushalte gegeben hat.<\/p>\n<p>An einem Tag in dem Medien und Beobachter konzentriert ihre Aufmerksamkeit bei den Regionalwahlen von Andalusien, eine traditionelle sozialistische Hochburg und asturischen W\u00e4hler wieder zu den Urnen nach Monaten der Puls zwischen politischen Kr\u00e4fte, die eine konservative Regierung zum ersten Mal seit der Wiederherstellung der Demokratie, w\u00e4hlen konnten.<\/p>\n<p>North Spain Gemeinschaft gew\u00e4hlt, kann zuletzt mit knapper Mehrheit der Asturias-Forum-Partei, gef\u00fchrt durch ehemalige Minister Francisco Alvarez-Helme, die verlie\u00df die Partei um die regionale Gruppe bilden. Jedoch FA hat eine harte Opposition in der PP und der Sozialistischen Partei gefunden.<\/p>\n<p>Die drei Formationen haben nicht auf die Haushalte in der Region, die im Januar zur Einberufung der Neuwahlen f\u00fchrten zustimmen.<\/p>\n<p>&#8220;Abstimmung ist entscheiden, den Weg in die Zukunft f\u00fcr Asturien den Fortschritt zu entscheiden&#8221;, sagte Helme am Sonntag, als er ging, Sonntag in Aussagen stimmen, zusammengestellt von National Radio morgens.<\/p>\n<p>Mercedes Fernandez, Kandidat der PP in diesen Wahlen zugelassen eine gewisse Nervosit\u00e4t auf das Ergebnis.<\/p>\n<p>&#8220;hat immer einen kleinen Nerven, die ansonsten nicht die Wahrheit, in der Ruhe Q besch\u00e4ftigt sagt&#8221;, kommentiert. &#8220;k\u00f6nnte mit weniger Geld mehr Dinge zu tun&#8221;.<\/p>\n<p>Sozialdemokratische Kandidat, Javier Fern\u00e1ndez, beschrieb den Tag als &#8220;ein gro\u00dfer Tag&#8221; f\u00fcr Abstimmung.<\/p>\n<p>sagte, &#8220;Ich hoffe, ein gro\u00dfer Tag f\u00fcr asturische Demokratie sein,&#8221;.<\/p>\n<p>Jedoch auf 14:00 nachmittags nur 26,60 Prozent der W\u00e4hler ihr Wahlrecht, unterhalb der 34.99 registriert gleichzeitig bei den Wahlen im Mai ausge\u00fcbt hatte. Dies deutet auf einen R\u00fcckgang im Interesse der asturischen diejenigen, obwohl die \u00c4nderung Sommerzeit, die vor einer Stunde im Morgengrauen am Sonntag Uhren, die Variation beeinflusst haben k\u00f6nnte.<\/p>\n","protected":false},"excerpt":{"rendered":"<p>MADRID (Reuters) &#8211; Asturien Sonntag feierte seinen zweiten regionalen Wahlen in weniger als einem Jahr, nach Monaten der politischen Sackgasse in die Zustimmung der regionalen Haushalte gegeben hat. An einem Tag in dem Medien und Beobachter konzentriert ihre Aufmerksamkeit bei den Regionalwahlen von Andalusien, eine traditionelle sozialistische Hochburg und asturischen W\u00e4hler wieder zu den Urnen [&hellip;]<\/p>\n","protected":false},"author":1,"featured_media":0,"comment_status":"close","ping_status":"open","sticky":false,"template":"","format":"standard","meta":{"footnotes":""},"categories":[3],"tags":[],"class_list":["post-8438","post","type-post","status-publish","format-standard","hentry","category-allgemeine","et-doesnt-have-format-content","et_post_format-et-post-format-standard"],"_links":{"self":[{"href":"https:\/\/www.best-dentist-dentistry.com\/de\/wp-json\/wp\/v2\/posts\/8438","targetHints":{"allow":["GET"]}}],"collection":[{"href":"https:\/\/www.best-dentist-dentistry.com\/de\/wp-json\/wp\/v2\/posts"}],"about":[{"href":"https:\/\/www.best-dentist-dentistry.com\/de\/wp-json\/wp\/v2\/types\/post"}],"author":[{"embeddable":true,"href":"https:\/\/www.best-dentist-dentistry.com\/de\/wp-json\/wp\/v2\/users\/1"}],"replies":[{"embeddable":true,"href":"https:\/\/www.best-dentist-dentistry.com\/de\/wp-json\/wp\/v2\/comments?post=8438"}],"version-history":[{"count":0,"href":"https:\/\/www.best-dentist-dentistry.com\/de\/wp-json\/wp\/v2\/posts\/8438\/revisions"}],"wp:attachment":[{"href":"https:\/\/www.best-dentist-dentistry.com\/de\/wp-json\/wp\/v2\/media?parent=8438"}],"wp:term":[{"taxonomy":"category","embeddable":true,"href":"https:\/\/www.best-dentist-dentistry.com\/de\/wp-json\/wp\/v2\/categories?post=8438"},{"taxonomy":"post_tag","embeddable":true,"href":"https:\/\/www.best-dentist-dentistry.com\/de\/wp-json\/wp\/v2\/tags?post=8438"}],"curies":[{"name":"wp","href":"https:\/\/api.w.org\/{rel}","templated":true}]}}