{"id":8458,"date":"2012-06-23T02:29:43","date_gmt":"2012-06-23T02:29:43","guid":{"rendered":null},"modified":"-0001-11-30T00:00:00","modified_gmt":"-0001-11-30T00:00:00","slug":"the-conference-of-fao-in-baku-will-face-the-issue-of-obesity-in-europe","status":"publish","type":"post","link":"https:\/\/www.best-dentist-dentistry.com\/de\/the-conference-of-fao-in-baku-will-face-the-issue-of-obesity-in-europe\/8458","title":{"rendered":"the conference of fao in baku will face the issue of obesity in europe"},"content":{"rendered":"<p class=\"first\"> Rom, 17 Apr (EFE).-Ministern und hohen europ\u00e4ischen Beamten treffen sich in der achtundzwanzigsten regionale Konferenz der FAO f\u00fcr Europa die n\u00e4chsten 19 und 20. April in Baku (Aserbaidschan), um den Problemen der Nahrung und in diesen L\u00e4ndern sind insbesondere im Zusammenhang mit der Ern\u00e4hrung und der Zunahme von Fettleibigkeit.<\/p>\n<p>Konferenz der Organisation der Vereinten Nationen f\u00fcr Ern\u00e4hrung und Landwirtschaft (FAO) f\u00fcr Europa und Zentralasien, die alle zwei Jahre stattfindet, diskutieren \u00fcber Fragen der Ern\u00e4hrungssicherheit, Landwirtschaft, Fischerei und W\u00e4lder, die Agentur berichtet heute.<\/p>\n<p>La FAO ist sehr aktiv gegen den Hunger in der Welt, aber in diesen L\u00e4ndern &#8220;\u00c4nderungen in der Produktion und Essgewohnheiten machen Unterern\u00e4hrung nicht besorgniserregend&#8221; was das Thema werden &#8220;die ern\u00e4hrungsbedingten Krankheiten erscheinen als ein Problem der \u00f6ffentlichen Gesundheit&#8221;, zeigt eine Notiz des K\u00f6rpers an.<\/p>\n<p>&#8220;Andere Probleme wie z. B. Steigerung der Leistung von Getreide in Osteuropa und die \u00f6kologische Nachhaltigkeit des landwirtschaftliche,&#8221; f\u00fcgt FAO.<\/p>\n<p>Eines der Dokumente der FAO gescannt werden, erkl\u00e4rt, wie die Entwicklung in den kommenden Jahren in Europa ist &#8220;drop-in den Verbrauch an Getreide f\u00fcr einen h\u00f6heren Verbrauch von Fleisch und Milchprodukten&#8221;.<\/p>\n<p>&#8220;Diese \u00c4nderung der macht, an dem bereits hohen Niveau der di\u00e4tetischen Energieversorgung, angef\u00fcgt wird die Pr\u00e4valenz von \u00dcbergewicht und Adipositas und damit die Di\u00e4t Krankheiten erh\u00f6hen&#8221;, f\u00fcgt das Dokument hinzu.<\/p>\n<p>Projektionen der Preise von Fettleibigkeit in 2030 und 2050, nach dem Dokument, &#8220;geben an, dass die Risiko-Determinanten der Sterblichkeit durch nicht \u00fcbertragbare Krankheiten in den \u00e4rmsten L\u00e4ndern die Anhebung der Ebenen noch nie gesehen heute in den L\u00e4ndern der Europ\u00e4ischen Union (EU) Betr\u00fcge.<\/p>\n<p>&#8220;<\/p>\n<p>\u00d6ffnet die Konferenz mit der Intervention der Generaldirektor der FAO, Jos\u00e9 Graziano da Silva. EFE<\/p>\n","protected":false},"excerpt":{"rendered":"<p>Rom, 17 Apr (EFE).-Ministern und hohen europ\u00e4ischen Beamten treffen sich in der achtundzwanzigsten regionale Konferenz der FAO f\u00fcr Europa die n\u00e4chsten 19 und 20. April in Baku (Aserbaidschan), um den Problemen der Nahrung und in diesen L\u00e4ndern sind insbesondere im Zusammenhang mit der Ern\u00e4hrung und der Zunahme von Fettleibigkeit. Konferenz der Organisation der Vereinten Nationen [&hellip;]<\/p>\n","protected":false},"author":1,"featured_media":0,"comment_status":"close","ping_status":"open","sticky":false,"template":"","format":"standard","meta":{"footnotes":""},"categories":[3],"tags":[],"class_list":["post-8458","post","type-post","status-publish","format-standard","hentry","category-allgemeine","et-doesnt-have-format-content","et_post_format-et-post-format-standard"],"_links":{"self":[{"href":"https:\/\/www.best-dentist-dentistry.com\/de\/wp-json\/wp\/v2\/posts\/8458","targetHints":{"allow":["GET"]}}],"collection":[{"href":"https:\/\/www.best-dentist-dentistry.com\/de\/wp-json\/wp\/v2\/posts"}],"about":[{"href":"https:\/\/www.best-dentist-dentistry.com\/de\/wp-json\/wp\/v2\/types\/post"}],"author":[{"embeddable":true,"href":"https:\/\/www.best-dentist-dentistry.com\/de\/wp-json\/wp\/v2\/users\/1"}],"replies":[{"embeddable":true,"href":"https:\/\/www.best-dentist-dentistry.com\/de\/wp-json\/wp\/v2\/comments?post=8458"}],"version-history":[{"count":0,"href":"https:\/\/www.best-dentist-dentistry.com\/de\/wp-json\/wp\/v2\/posts\/8458\/revisions"}],"wp:attachment":[{"href":"https:\/\/www.best-dentist-dentistry.com\/de\/wp-json\/wp\/v2\/media?parent=8458"}],"wp:term":[{"taxonomy":"category","embeddable":true,"href":"https:\/\/www.best-dentist-dentistry.com\/de\/wp-json\/wp\/v2\/categories?post=8458"},{"taxonomy":"post_tag","embeddable":true,"href":"https:\/\/www.best-dentist-dentistry.com\/de\/wp-json\/wp\/v2\/tags?post=8458"}],"curies":[{"name":"wp","href":"https:\/\/api.w.org\/{rel}","templated":true}]}}