{"id":8597,"date":"2012-06-25T02:50:50","date_gmt":"2012-06-25T02:50:50","guid":{"rendered":null},"modified":"-0001-11-30T00:00:00","modified_gmt":"-0001-11-30T00:00:00","slug":"pilar-farjas-opens-friday-at-sigaenza-guadalajara-iii-meeting-global-parliamentarians-of-health","status":"publish","type":"post","link":"https:\/\/www.best-dentist-dentistry.com\/de\/pilar-farjas-opens-friday-at-sigaenza-guadalajara-iii-meeting-global-parliamentarians-of-health\/8597","title":{"rendered":"Pilar Farjas \u00f6ffnet Freitag um III treffen Sig\u00fcenza (Guadalajara) globale Parlamentarier Gesundheit"},"content":{"rendered":"<p class=\"first\"> GUADALAJARA, 13 (EUROPA PRESS)<\/p>\n<p>Das allgemeine Gesundheit und Konsum, Pilar Farjas und dem Pr\u00e4sidenten des Gesundheit Kommission des Kongresses, Mario Mingo, Sekretariat er\u00f6ffnet Freitag um Sig\u00fcenza (Guadalajara) Global Parlamentarier der Gesundheit treffen III, in denen die Mitglieder der Kommissionen der Gesundheit der Kongress, Senat und autonome aller Baugruppen des Landes einzuberufen, um aktuelle Themen und die neuesten Gesundheitspolitik diskutieren.<\/p>\n<p>Business Gruppe Gesundheit 2000, Herausgeber von die Revista M\u00e9dica und Ausarbeitung medizinischer Publikationen unter anderem organisiert diese Veranstaltung, die bis Samstag, 16., l\u00e4uft wie in Pressemitteilung berichtet.<\/p>\n<p>Zur Er\u00f6ffnungszeremonie wird erwartet auch der B\u00fcrgermeister von Sig\u00fcenza, Jos\u00e9 Manuel Latre; der Pr\u00e4sident der nationalen Gesundheit Prognose, Partner dieser Begegnung, Miguel Carrero; der Pr\u00e4sident der Gesundheit 2000, Jos\u00e9 Mar\u00eda Pino und der Pr\u00e4sident des Organisationskomitees und Senator f\u00fcr die Partido Popular, Jes\u00fas Aguirre.<\/p>\n<p>a dieses III Global Treffen der Parlamentarier der Gesundheit haben best\u00e4tigt, Anwesenheit, sowie mehr als 50 Parlamentarier aus \u00fcber dem Land, dem Minister f\u00fcr Gesundheit und soziale Angelegenheiten von Kastilien &#8211; La Mancha, Jos\u00e9 Ignacio Echaniz; der Berater der Gesundheit von Valencia, Luis Rosado; Direktor Imserso, C\u00e9sar Ant\u00f3n und der Pr\u00e4sident des Generalrats des offiziellen Colleges der ApothekerCarmen Pe\u00f1a.<\/p>\n<p>Best\u00e4tigt Parlamentarier geh\u00f6ren Conxita Tarruella, Konvergenz-Sprecher, ich kam in der Gesundheitskommission des Kongresses; Nerea Antia, Sprecher der PNV im baskischen Gesundheitskommission; Miguel Santalices, Sprecher f\u00fcr die Menschen der Partei im Parlament von Galicien und Jos\u00e9 Manuel Freire, Sprecher der PSOE in der Gesundheitskommission der Assembly Madrid.<\/p>\n<p>Die Rolle des Rates interterritorialen, die zentralen Einkauf von Gesundheitsprodukten, pharmazeutische politische Entscheidungen und Optimierung von Ressourcen zwischen \u00f6ffentlichen und privaten Gesundheit geh\u00f6ren zu den Themen w\u00e4hrend dieser zwei Tage in den Parador de Sig\u00fcenza diskutiert werden.<\/p>\n","protected":false},"excerpt":{"rendered":"<p>GUADALAJARA, 13 (EUROPA PRESS) Das allgemeine Gesundheit und Konsum, Pilar Farjas und dem Pr\u00e4sidenten des Gesundheit Kommission des Kongresses, Mario Mingo, Sekretariat er\u00f6ffnet Freitag um Sig\u00fcenza (Guadalajara) Global Parlamentarier der Gesundheit treffen III, in denen die Mitglieder der Kommissionen der Gesundheit der Kongress, Senat und autonome aller Baugruppen des Landes einzuberufen, um aktuelle Themen und [&hellip;]<\/p>\n","protected":false},"author":1,"featured_media":0,"comment_status":"close","ping_status":"open","sticky":false,"template":"","format":"standard","meta":{"footnotes":""},"categories":[3],"tags":[19363,19364,19362],"class_list":["post-8597","post","type-post","status-publish","format-standard","hentry","category-allgemeine","tag-guadalajara","tag-parlamentarier","tag-sigenza","et-doesnt-have-format-content","et_post_format-et-post-format-standard"],"_links":{"self":[{"href":"https:\/\/www.best-dentist-dentistry.com\/de\/wp-json\/wp\/v2\/posts\/8597","targetHints":{"allow":["GET"]}}],"collection":[{"href":"https:\/\/www.best-dentist-dentistry.com\/de\/wp-json\/wp\/v2\/posts"}],"about":[{"href":"https:\/\/www.best-dentist-dentistry.com\/de\/wp-json\/wp\/v2\/types\/post"}],"author":[{"embeddable":true,"href":"https:\/\/www.best-dentist-dentistry.com\/de\/wp-json\/wp\/v2\/users\/1"}],"replies":[{"embeddable":true,"href":"https:\/\/www.best-dentist-dentistry.com\/de\/wp-json\/wp\/v2\/comments?post=8597"}],"version-history":[{"count":0,"href":"https:\/\/www.best-dentist-dentistry.com\/de\/wp-json\/wp\/v2\/posts\/8597\/revisions"}],"wp:attachment":[{"href":"https:\/\/www.best-dentist-dentistry.com\/de\/wp-json\/wp\/v2\/media?parent=8597"}],"wp:term":[{"taxonomy":"category","embeddable":true,"href":"https:\/\/www.best-dentist-dentistry.com\/de\/wp-json\/wp\/v2\/categories?post=8597"},{"taxonomy":"post_tag","embeddable":true,"href":"https:\/\/www.best-dentist-dentistry.com\/de\/wp-json\/wp\/v2\/tags?post=8597"}],"curies":[{"name":"wp","href":"https:\/\/api.w.org\/{rel}","templated":true}]}}