{"id":8620,"date":"2012-06-25T02:55:46","date_gmt":"2012-06-25T02:55:46","guid":{"rendered":null},"modified":"-0001-11-30T00:00:00","modified_gmt":"-0001-11-30T00:00:00","slug":"solution-to-the-worldwide-ecocrisis-postponed-after-rio-20","status":"publish","type":"post","link":"https:\/\/www.best-dentist-dentistry.com\/de\/solution-to-the-worldwide-ecocrisis-postponed-after-rio-20\/8620","title":{"rendered":"L\u00f6sung f\u00fcr die weltweite Ecocrisis verschoben nach Rio + 20"},"content":{"rendered":"<p class=\"first\"> nach der Rio + 20-Gipfel, die L\u00f6sung f\u00fcr die \u00f6kologische Krise des Planeten lag in der Luft und h\u00e4ngt von schwierigen Verhandlungen in den n\u00e4chsten drei Jahren und ein politischer Wille, dass L\u00e4nder nur z\u00f6gerlich auf den Tisch legen.<\/p>\n<p>&#8220;Das Dokument ist voll von Aktionen entwickelt werden&#8221; bis 2015, aber &#8220;sie f\u00fchren nur zu starke und effektive L\u00f6sungen, wenn es politische gibt werden der Regierungen und der Gesellschaft gen\u00fcgend Druck,&#8221;, sagte AFP Martin Khor, Direktor des Center S\u00fcd, ein Institut der Experten f\u00fcr L\u00e4nder in der Entwicklung.<\/p>\n<p>Die Konferenz endete mit einem 53-Seite-Plan mit dem Titel &#8220;Der Zukunft wollen wir&#8221;, die von Umweltsch\u00fctzern, gesellschaftlichen Organisationen, heftig kritisiert wurde und den Delegationen der Regierungen, die es ein wenig ehrgeizig angesehen, zeitgleich mit einem Moment der Wirtschaftskrise, dass die Aufmerksamkeit konzentriert viel mehr.<\/p>\n<p>Der Plan definiert Priorit\u00e4ten des Planeten als den Kampf gegen Armut und Hunger, den Schutz der Biodiversit\u00e4t, W\u00e4lder und Ozeane und die Notwendigkeit, nachhaltige Landwirtschaft und Energie zu erreichen.<\/p>\n<p>Und Aufrufe an eine radikale Ver\u00e4nderung der Muster von Produktion und Verbrauch und die Festlegung von Zielen einer nachhaltigen Entwicklung gegen\u00fcber auferlegte \u00f6kologische und soziale Ziele alle L\u00e4nder.<\/p>\n<p>Aber alle Aktionen den bedrohten Planeten wiederherstellen m\u00fcssen definiert und vereinbart werden die 191 L\u00e4nder in einem Prozess, der im Jahr 2015 kulminieren sollte und das ist mehrdeutig, werden.<\/p>\n<p>&#8220;Let &rsquo;s Arbeit, dieses Paket von Entscheidungen muss hergestellt werden zwischen 2014 und 2015 die Fristen, die wir hier haben,&#8221; sagte der brasilianische Umweltministerin Izabella Teixeira.<\/p>\n<p>Asad Rehman, Leiter der Klima und Energie der Freunde der Erde, sagte: &#8220;Wir haben die Antworten auf die Probleme der Welt, aber unsere Politiker sind nicht bereit, ihnen in die Praxis umzusetzen&#8221;. Und verstorbenen: &#8220;der Rio + 20 nicht angeboten keine Hoffnung f\u00fcr Millionen Menschen Hunger in der Welt und sie stehen auf einer t\u00e4glichen Basis die Auswirkungen des Zusammenbruchs der Weltwirtschaft&#8221;.<\/p>\n<p>L\u00f6sungen sind nicht einfach in einer Welt der mehrere Fragen, die der Tastenkombination globale Erw\u00e4rmung verursachen mehr extreme Wetterereignisse, Entwaldung und bedrohte Meere, mit Armut und fast 1 Milliarde hungernden und die bis zum Jahr 2030 w\u00fcrden 50 % mehr essen, 45 % mehr Energie und 30 % mehr Wasser erfordern.<\/p>\n<p>In einem Interview mit dem Blog der AIA, Jeffrey Sachs, Direktor des Earth Institute von der University of Columbia, angemerkt, dass die Millenniums-Entwicklungsziele, die Ziele f\u00fcr die L\u00e4nder die Herausforderungen von Armut, Hunger oder Gesundheit auferlegt, einen gro\u00dfen Beitrag f\u00fcr die Probleme des Planeten, aber es war die Dynamik der Zivilgesellschaft die mobilisierte Unternehmen und Regierungen.<\/p>\n<p>&#8220;Eine Lektion gelernt: Wir k\u00f6nnen nicht vertrauen, Politiker und Diplomaten, um sicherzustellen, dass die Arbeit getan ist&#8221;, abgeschlossenen.<\/p>\n<p>&#8220;Gibt das Ergebnis der Rio + 20 uns die Basis f\u00fcr soziale, wirtschaftliche und \u00f6kologische Wohlbefinden.&#8221; &#8220;Verantwortung zu bewegen,&#8221; sagte der Generalsekret\u00e4r der Vereinten Nationen, Ban Ki-Moon, die abschlie\u00dfend.<\/p>\n<p>Umwelt, soziale Organisationen und von den Arbeitnehmern startete einen Aufruf zur Mobilisierung und sorgte daf\u00fcr, dass sie die Z\u00fcgel an L\u00f6sungen zu erreichen nehmen.<\/p>\n<p>&#8220;Die Rio + 20 war ein episches Versagen.&#8221; Geschichte zeigt uns, dass die \u00c4nderung nur passiert, wenn anst\u00e4ndige Frauen und M\u00e4nner nicht genug loben. &#8220;Wir m\u00fcssen st\u00e4rker denn je sagen k\u00f6nnen&#8221;, sagte AFP den maximalen Vertreter von Greenpeace, Kumi Naidoo. &#8220;Wir werden diesen Kampf in einem viel st\u00e4rkeren Weg nehmen&#8221;.<\/p>\n<p>Der belgischen Minister der \u00f6ffentlichen Unternehmen, wissenschaftliche Politik und Entwicklungszusammenarbeit, Paul Magnette, spricht mit dem Leiter der brasilianischen Gemeinschaft der Kayap\u00f3 Raoni (I) w\u00e4hrend eines Treffens in der RioCentro 22. Juni 2012. Nach der Rio + 20-Gipfel, die L\u00f6sung f\u00fcr die \u00f6kologische Krise des Planeten lag in der Luft und h\u00e4ngt von schwierigen Verhandlungen in den n\u00e4chsten drei Jahren und ein politischer Wille, dass L\u00e4nder nur z\u00f6gerlich auf den Tisch legen.<\/p>\n","protected":false},"excerpt":{"rendered":"<p>nach der Rio + 20-Gipfel, die L\u00f6sung f\u00fcr die \u00f6kologische Krise des Planeten lag in der Luft und h\u00e4ngt von schwierigen Verhandlungen in den n\u00e4chsten drei Jahren und ein politischer Wille, dass L\u00e4nder nur z\u00f6gerlich auf den Tisch legen. &#8220;Das Dokument ist voll von Aktionen entwickelt werden&#8221; bis 2015, aber &#8220;sie f\u00fchren nur zu starke [&hellip;]<\/p>\n","protected":false},"author":1,"featured_media":0,"comment_status":"close","ping_status":"open","sticky":false,"template":"","format":"standard","meta":{"footnotes":""},"categories":[3],"tags":[19389,19388],"class_list":["post-8620","post","type-post","status-publish","format-standard","hentry","category-allgemeine","tag-ecocrisis","tag-viralen","et-doesnt-have-format-content","et_post_format-et-post-format-standard"],"_links":{"self":[{"href":"https:\/\/www.best-dentist-dentistry.com\/de\/wp-json\/wp\/v2\/posts\/8620","targetHints":{"allow":["GET"]}}],"collection":[{"href":"https:\/\/www.best-dentist-dentistry.com\/de\/wp-json\/wp\/v2\/posts"}],"about":[{"href":"https:\/\/www.best-dentist-dentistry.com\/de\/wp-json\/wp\/v2\/types\/post"}],"author":[{"embeddable":true,"href":"https:\/\/www.best-dentist-dentistry.com\/de\/wp-json\/wp\/v2\/users\/1"}],"replies":[{"embeddable":true,"href":"https:\/\/www.best-dentist-dentistry.com\/de\/wp-json\/wp\/v2\/comments?post=8620"}],"version-history":[{"count":0,"href":"https:\/\/www.best-dentist-dentistry.com\/de\/wp-json\/wp\/v2\/posts\/8620\/revisions"}],"wp:attachment":[{"href":"https:\/\/www.best-dentist-dentistry.com\/de\/wp-json\/wp\/v2\/media?parent=8620"}],"wp:term":[{"taxonomy":"category","embeddable":true,"href":"https:\/\/www.best-dentist-dentistry.com\/de\/wp-json\/wp\/v2\/categories?post=8620"},{"taxonomy":"post_tag","embeddable":true,"href":"https:\/\/www.best-dentist-dentistry.com\/de\/wp-json\/wp\/v2\/tags?post=8620"}],"curies":[{"name":"wp","href":"https:\/\/api.w.org\/{rel}","templated":true}]}}