{"id":8648,"date":"2012-06-26T02:45:55","date_gmt":"2012-06-26T02:45:55","guid":{"rendered":null},"modified":"-0001-11-30T00:00:00","modified_gmt":"-0001-11-30T00:00:00","slug":"mayor-of-bogota-is-operated-successfully-from-blood-clots-in-the-brain","status":"publish","type":"post","link":"https:\/\/www.best-dentist-dentistry.com\/de\/mayor-of-bogota-is-operated-successfully-from-blood-clots-in-the-brain\/8648","title":{"rendered":"mayor of bogota is operated successfully from blood clots in the brain"},"content":{"rendered":"<p class=\"first\"> Bogota, 16 jun (EFE).-der B\u00fcrgermeister von Bogot\u00e1, Gustavo Petro, wurde erfolgreich operiert, der Kopf Blutgerinnsel und bleibt &#8220;unter strenger \u00e4rztlicher Aufsicht&#8221;, sagte den ersten medizinischen Teil der Klinik, wo er am Tag vor dem heutigen Tag zugelassen war.<\/p>\n<p>Der \u00e4rztliche Direktor der Fundaci\u00f3n Santa Fe, Adolfo Llin\u00e1s, erz\u00e4hlte Reportern, dass &#8220;die Intervention erfolgreich war und der B\u00fcrgermeister sich unter strenger \u00e4rztlicher Aufsicht erholt&#8221;.<\/p>\n<p>Und f\u00fcgte hinzu, dass Petro &#8220;mit vollst\u00e4ndigen kognitiven Funktionen ist&#8221;.<\/p>\n<p>Erkl\u00e4rte, dass der B\u00fcrgermeister Freitag &#8220;mit einer starken Kopfschmerzen-Box&#8221; ins Krankenhaus eingeliefert wurde und nach medizinische Auswertungen &#8220;Er unterzog Chirurgie f\u00fcr die Entw\u00e4sserung von subdurales H\u00e4matom (Blutgerinnsel im Kopf)&#8221;.<\/p>\n<p>Die Galen gab keine weitere Details \u00fcber die Zeit, es, B\u00fcrgermeister Petro dauern kann zu erholen, und haben Sie Fortsetzung.<\/p>\n<p>Von Ihrem Konto im sozialen Netzwerk Twitter, der kolumbianische Pr\u00e4sident Juan Manuel Santos, sagte, dass &#8220;(Sie) den B\u00fcrgermeister von Bogot\u00e1, @ Petrogustavo, eine baldige Genesung will&#8221;.<\/p>\n<p>Die Ladung B\u00fcrgermeister, Guillermo Asprilla, sagte Reportern, die derzeit einen Teil &#8220;absolute Ruhe \u00fcber den Status der Stadt und der B\u00fcrgermeister&#8221; liefert.<\/p>\n<p>F\u00fcgte hinzu, dass Petro von seiner Familie umgeben ist und &#8220;Wir sind auf dem Vormarsch, unter seiner Leitung gew\u00f6hnliche Regierungsarbeit&#8221;.<\/p>\n<p>Bedankte sich auch bei der &#8220;Unterst\u00fctzung und Solidarit\u00e4t&#8221; von Pr\u00e4sident Santos und sagte, dass andere medizinische Teile, die die Gesundheit von der Petro-B\u00fcrgermeister erkennen im Laufe der Stunden wissen,<\/p>\n<p>Gestern, der Privatsekret\u00e4r der B\u00fcrgermeister von Bogot\u00e1, Jorge Rojas, hatte berichtet, dass Petro f\u00fcr Atembeschwerden ins Krankenhaus eingeliefert wurde.<\/p>\n<p>F\u00fcgte hinzu, dass aufgrund ihrer Zustand der Gesundheit, Petro ihre Teilnahme an dem Erdgipfel von Rio + 20, in Brasilien, auf den Klimawandel abgebrochen.<\/p>\n<p>Petro, Exguerrillero des gel\u00f6sten 19. April Bewegung (m-19), vorausgesetzt die Vergangenheit 1. Januar im Auftrag der Progressive Bewegung (links), erstellt und gef\u00fchrt durch den B\u00fcrgermeister von Bogot\u00e1.<\/p>\n<p>Am Donnerstag, dem kolumbianischen Vizepr\u00e4sidenten, Angelino Garzon, die &#8220;in einer vorbeugenden Weise&#8221; gingen ist auch im Krankenhaus um &#8220;Routineuntersuchungen&#8221; unterzogen werden, laut einer Pressemitteilung best\u00e4tigt.<\/p>\n<p>Trotz Garzon versprochen &#8220;, dass er \u00fcber die Entwicklung seiner Genesung Berichten wird&#8221;, nicht bekannt medizinische Teile oder klinischen K\u00f6nigin Sofia, wo sein B\u00fcro bedient wird.<\/p>\n<p>Der hohe kolumbianische Beamte <\/p>\n<p>am 9. August 2010, zwei Tage nach seinem Amtsantritt neben der Santos Pr\u00e4sident, Leiden ein Herzleiden ins Krankenhaus eingeliefert werden musste, hatte eine Behinderung f\u00fcr mehrere Wochen, und seit dann muss regelm\u00e4\u00dfige Kontrollen unterziehen. EFE<\/p>\n","protected":false},"excerpt":{"rendered":"<p>Bogota, 16 jun (EFE).-der B\u00fcrgermeister von Bogot\u00e1, Gustavo Petro, wurde erfolgreich operiert, der Kopf Blutgerinnsel und bleibt &#8220;unter strenger \u00e4rztlicher Aufsicht&#8221;, sagte den ersten medizinischen Teil der Klinik, wo er am Tag vor dem heutigen Tag zugelassen war. Der \u00e4rztliche Direktor der Fundaci\u00f3n Santa Fe, Adolfo Llin\u00e1s, erz\u00e4hlte Reportern, dass &#8220;die Intervention erfolgreich war und [&hellip;]<\/p>\n","protected":false},"author":1,"featured_media":0,"comment_status":"close","ping_status":"open","sticky":false,"template":"","format":"standard","meta":{"footnotes":""},"categories":[3],"tags":[],"class_list":["post-8648","post","type-post","status-publish","format-standard","hentry","category-allgemeine","et-doesnt-have-format-content","et_post_format-et-post-format-standard"],"_links":{"self":[{"href":"https:\/\/www.best-dentist-dentistry.com\/de\/wp-json\/wp\/v2\/posts\/8648","targetHints":{"allow":["GET"]}}],"collection":[{"href":"https:\/\/www.best-dentist-dentistry.com\/de\/wp-json\/wp\/v2\/posts"}],"about":[{"href":"https:\/\/www.best-dentist-dentistry.com\/de\/wp-json\/wp\/v2\/types\/post"}],"author":[{"embeddable":true,"href":"https:\/\/www.best-dentist-dentistry.com\/de\/wp-json\/wp\/v2\/users\/1"}],"replies":[{"embeddable":true,"href":"https:\/\/www.best-dentist-dentistry.com\/de\/wp-json\/wp\/v2\/comments?post=8648"}],"version-history":[{"count":0,"href":"https:\/\/www.best-dentist-dentistry.com\/de\/wp-json\/wp\/v2\/posts\/8648\/revisions"}],"wp:attachment":[{"href":"https:\/\/www.best-dentist-dentistry.com\/de\/wp-json\/wp\/v2\/media?parent=8648"}],"wp:term":[{"taxonomy":"category","embeddable":true,"href":"https:\/\/www.best-dentist-dentistry.com\/de\/wp-json\/wp\/v2\/categories?post=8648"},{"taxonomy":"post_tag","embeddable":true,"href":"https:\/\/www.best-dentist-dentistry.com\/de\/wp-json\/wp\/v2\/tags?post=8648"}],"curies":[{"name":"wp","href":"https:\/\/api.w.org\/{rel}","templated":true}]}}