{"id":8685,"date":"2012-06-28T02:20:27","date_gmt":"2012-06-28T02:20:27","guid":{"rendered":null},"modified":"-0001-11-30T00:00:00","modified_gmt":"-0001-11-30T00:00:00","slug":"a-mother-seeks-justice-for-his-daughter-abused-by-his-caregiver-now-escape","status":"publish","type":"post","link":"https:\/\/www.best-dentist-dentistry.com\/de\/a-mother-seeks-justice-for-his-daughter-abused-by-his-caregiver-now-escape\/8685","title":{"rendered":"Eine Mutter sucht Gerechtigkeit f\u00fcr seine Tochter von seiner Bezugsperson missbraucht, jetzt entkommen"},"content":{"rendered":"<p class=\"first\"> Madrid, 10 M\u00e4r (EFE). &#8211; &#8220;Ich glaube an Gerechtigkeit, aber ich will Gerechtigkeit mit meiner Tochter zu machen&#8221;, sagte EfE die Mutter eines M\u00e4dchens, der mit nur 6 Monate, irreversible Verletzungen erlitten &#8211; blind und im Rollstuhl f\u00fcr das Leben &#8211; f\u00fcr die Misshandlung von ihrem Betreuer, der nach 9 Jahren im Gef\u00e4ngnis verurteilt hat entkommen.<\/p>\n<p>Im Fall von dieses M\u00e4dchen erlangte im November letzten Jahres, als die provinzielle Gericht Madrid Clara Erika a.a versuchte, beschuldigt, misshandelten sie w\u00e4hrend ich seine Position in der &#8220;Patera Kinderstube&#8221; &#8211; d.h. ohne eine Lizenz f\u00fcr diese T\u00e4tigkeit hatte &#8211; ein Stock von der Stra\u00dfe Clara Campoamor in Madrid Bezirk von Carabanchel.<\/p>\n<p>Einen Monat nach der Ansicht Clara Erika <\/p>\n<p>war ein Verbrechen schwerer Verletzungen mit der erschwerende Umstand des Verrats f\u00fcr schuldig befunden und verurteilt zu 9 Jahren Haft und 800.000 Euro Entsch\u00e4digung, sondern &#8220;das System ist fehlgeschlagen&#8221; zu bezahlen, seit wann es berichtet wurde der Satz, den die Frau bereits das Leck gegeben hatte sagt EfE der Anwalt der Familie des OpfersAntonio Serrano.<\/p>\n<p>Anwalt erkl\u00e4rt, dass die ecuadorianischer Nationalit\u00e4t verurteilt, ist in unbekannten Aufenthaltsort und dass dar\u00fcber hinaus einige G\u00fcter, die beschlagnahmt, also obwohl er glaubt, dass &#8220;alles rechtlich getan werden musste&#8221;, wenn die Beh\u00f6rden nicht nicht bezahlen was er getan hat.<\/p>\n<p>Die Mutter des Minderj\u00e4hrigen, Celida, bolivianischen und, dass er in Spanien angekommen, in 2002 Suche nach einem besseres Leben, kann keine enthalten Tr\u00e4nen um daran zu erinnern, dass am M\u00e4rz 1, 2010 He vertraute in eine bekannte, die wussten, dass betreut Kinder stundenlang in der Lage, einen Job als ein sauberer zu finden, weil er arbeitslos war.<\/p>\n<p>Verlie\u00df sein Baby in einwandfreiem Zustand der Gesundheit, wie geschehen, ein paar Stunden zuvor hatte f\u00fchrte sie zu einer medizinischen Routineuntersuchung &#8211; Ende best\u00e4tigt im Urteil des Arztes, die besuchte es &#8211; aber ein paar Stunden nachdem Clara Erika aufgerufen, um ihm zu sagen, dass kleine hatte pl\u00f6tzlich ohnm\u00e4chtig.<\/p>\n<p>Mutter musste direkt ins Krankenhaus Doce de Octubre, zu gehen, wo das M\u00e4dchen naher Tod f\u00fcr mehrere Tage von schweren Sch\u00e4del-Trauma und retinale Einheiten war.<\/p>\n<p>Obwohl der Angeklagte kurz danach verhaftet wurde und vierzehn Tage in Haft verbrachte, am 19. M\u00e4rz der Richter erlie\u00df seine Freilassung auf Kaution warten auf Ihren Prozess da kleine \u00fcberlebt hatten, obwohl Sie mit 70 Prozent Behinderung.<\/p>\n<p>W\u00e4hrend der Anh\u00f6rung in der m\u00fcndlichen Verhandlung Madrid, Clara Erika verweigert haben, geschlagen oder fiel auf den Boden, das M\u00e4dchen und nur best\u00e4tigt, dass es ersch\u00fcttert hatte, &#8220;damit Sie reagieren&#8221;.<\/p>\n<p>&#8220;Nie wurde in der Note zu wissen, wie das M\u00e4dchen war&#8221;, sagte Celida, erinnert an die Frauen der Studie lediglich sagen, dass &#8220;sie f\u00fchlte sich \u00fcber was ich verbrachte&#8221; und um sicherzustellen, da\u00df sie und ihr Mann sind heute noch in psychologischer Behandlung, die Realit\u00e4t seiner Tochter zu \u00fcberwinden: &#8220;Sie kann nicht laufen, nicht sehen und m\u00f6glicherweise geistige Retardierung&#8221;.<\/p>\n<p>&#8220;Manchmal kann ich noch nicht glauben&#8221;, erkennt die Mutter mit breathy voice Stimme.<\/p>\n<p>Seinem Anwalt verwaltet, die Erika &#8220;ist verantwortlich f\u00fcr direkte&#8221; des Staates des Minderj\u00e4hrigen, jetzt mit zweieinhalb Jahren, klar, aber stattdessen ist &#8220;frei&#8221; und &#8220;Es hat nicht bezahlt oder ein Euro&#8221;.<\/p>\n<p>Klein und ihre Eltern brauchen Lebensdauer &#8220;Wirtschaftshilfe&#8221; um voranzukommen, und in der Lage, einen Job mit Ihre Pflege zu kombinieren, so dass Serrano besteht auf die Beh\u00f6rden, Justiz, soziale und staatliche &#8220;involviert&#8221; mit diesem Fall.<\/p>\n<p>&#8220;Ist, dass es f\u00fcr die Polizei seit Januar &#8211; sucht ist, wenn der dritte Abschnitt der Court Madrid vereinbarten Ankunft im Gef\u00e4ngnis und k\u00e4mpfte die entsprechenden Auftr\u00e4ge f\u00fcr die Sicherheitskr\u00e4fte \u2013 aber wir haben Vermutungen, die in Ihrem Land m\u00f6glicherweise&#8221; trotz seinen Pass zur\u00fcckgezogen haben, beraten Sie H\u00f6hepunkte.<\/p>\n<p>&#8220;Das einzige, was wir fordern ist, dass Beh\u00f6rden versuchen,&#8221; einmal mehr betonen, der Anwalt und die Mutter des kleinen.<\/p>\n","protected":false},"excerpt":{"rendered":"<p>Madrid, 10 M\u00e4r (EFE). &#8211; &#8220;Ich glaube an Gerechtigkeit, aber ich will Gerechtigkeit mit meiner Tochter zu machen&#8221;, sagte EfE die Mutter eines M\u00e4dchens, der mit nur 6 Monate, irreversible Verletzungen erlitten &#8211; blind und im Rollstuhl f\u00fcr das Leben &#8211; f\u00fcr die Misshandlung von ihrem Betreuer, der nach 9 Jahren im Gef\u00e4ngnis verurteilt hat [&hellip;]<\/p>\n","protected":false},"author":1,"featured_media":0,"comment_status":"close","ping_status":"open","sticky":false,"template":"","format":"standard","meta":{"footnotes":""},"categories":[3],"tags":[19468,19469],"class_list":["post-8685","post","type-post","status-publish","format-standard","hentry","category-allgemeine","tag-bezugsperson","tag-missbraucht","et-doesnt-have-format-content","et_post_format-et-post-format-standard"],"_links":{"self":[{"href":"https:\/\/www.best-dentist-dentistry.com\/de\/wp-json\/wp\/v2\/posts\/8685","targetHints":{"allow":["GET"]}}],"collection":[{"href":"https:\/\/www.best-dentist-dentistry.com\/de\/wp-json\/wp\/v2\/posts"}],"about":[{"href":"https:\/\/www.best-dentist-dentistry.com\/de\/wp-json\/wp\/v2\/types\/post"}],"author":[{"embeddable":true,"href":"https:\/\/www.best-dentist-dentistry.com\/de\/wp-json\/wp\/v2\/users\/1"}],"replies":[{"embeddable":true,"href":"https:\/\/www.best-dentist-dentistry.com\/de\/wp-json\/wp\/v2\/comments?post=8685"}],"version-history":[{"count":0,"href":"https:\/\/www.best-dentist-dentistry.com\/de\/wp-json\/wp\/v2\/posts\/8685\/revisions"}],"wp:attachment":[{"href":"https:\/\/www.best-dentist-dentistry.com\/de\/wp-json\/wp\/v2\/media?parent=8685"}],"wp:term":[{"taxonomy":"category","embeddable":true,"href":"https:\/\/www.best-dentist-dentistry.com\/de\/wp-json\/wp\/v2\/categories?post=8685"},{"taxonomy":"post_tag","embeddable":true,"href":"https:\/\/www.best-dentist-dentistry.com\/de\/wp-json\/wp\/v2\/tags?post=8685"}],"curies":[{"name":"wp","href":"https:\/\/api.w.org\/{rel}","templated":true}]}}