{"id":8758,"date":"2012-06-29T02:30:06","date_gmt":"2012-06-29T02:30:06","guid":{"rendered":null},"modified":"-0001-11-30T00:00:00","modified_gmt":"-0001-11-30T00:00:00","slug":"cayo-lara-denounces-democratic-devolution-involving-the-new-settings","status":"publish","type":"post","link":"https:\/\/www.best-dentist-dentistry.com\/de\/cayo-lara-denounces-democratic-devolution-involving-the-new-settings\/8758","title":{"rendered":"Cayo Lara prangert &#8220;demokratischen Devolution&#8221; mit die neuen Einstellungen"},"content":{"rendered":"<p class=\"first\"> Madrid, 21 APR (EFE).-die Bundesrepublik Koordinator der United Left (IU), Cayo Lara, jetzt als Anpassungen gestern genehmigt durch die Regierung repr\u00e4sentieren eine &#8220;demokratische Regression&#8221; zu &#8220;kriminalisieren&#8221; Gesundheit und Bildung.<\/p>\n<p>In Erkl\u00e4rungen f\u00fcr die Medien vor Wartungsarbeiten der Kommission Executive der Partei der Europ\u00e4ischen Linken, Lara auch prangerte die Absicht des Vorstands des &#8220;zur\u00fcck zur letzten Jahrhunderts&#8221; in der Wissenschaft mit dem Aufstieg in Raten und zu zwingen, B\u00fcrger &#8220;zweimal bezahlen&#8221; Volksgesundheit.<\/p>\n<p>UI-F\u00fchrer hat kritisiert, dass diese Ma\u00dfnahmen parallel zu den &#8220;Steuer Amnestien f\u00fcr gro\u00dfe Betr\u00fcger&#8221;.<\/p>\n<p>In diesem Sinne, hat daran erinnert, dass laut einer Studie von der spanischen Justiz Staatsanwalt internationale Organisation sich in der zehnten Position in Steuerbetrug in einer Liste von 145 L\u00e4nder befindet und 60000 Millionen Euro gesch\u00e4tzt, 73 Prozent des Betrugs begehen es gro\u00dfe Unternehmen, die mehr als 100 Millionen Euro pro Jahr in Rechnung gestellt.<\/p>\n<p>Cayo Lara denunziert Zugangsbeschr\u00e4nkungen Gesundheitsversorgung f\u00fcr MigrantInnen, die seiner Ansicht nach &#8220;alle europ\u00e4ischen Konventionen, die allgemeine Erkl\u00e4rung der Menschenrechte und der spanischen Verfassung selbst verletzen&#8221;.<\/p>\n<p>Hat davor gewarnt, die schwere gestellt durch ein Land, ein B\u00fcrger, &#8220;ob eine Rolle&#8221; leugnen &#8211; in Anspielung auf seine Regularisierung &#8211; Gesundheitswesen, und &#8220;lassen Sie sterben&#8221; indem Sie nicht solche Sorge.<\/p>\n<p>Glauben, dass dort ist kein Krankenhaus, viele Gesetze machen diese Regierung, die sich weigert, die Aufmerksamkeit auf eine Person mit einer schweren Krankheit zu geben, die Aufmerksamkeit erfordern, wurde hinzugef\u00fcgt.<\/p>\n<p>Wie es hat betont, &#8220;Volksgesundheit ist eine Eroberung der meisten zivilisierten Gesellschaft unserer Zeit&#8221; und kann nicht sein &#8220;Zustimmung es ist sichern&#8221;.<\/p>\n<p>Lara f\u00fcgte hinzu, dass die Krankenversicherung eine menschliche Tat, ist auch &#8220;Christian&#8221;, f\u00fcr diejenigen, die im Namen dieses Christentum manchmal sprechen und also wir m\u00fcssen aufh\u00f6ren &#8220;zu dieser Offensive&#8221; der Regierung, die &#8220;nicht den gesunden Menschenverstand eines jeden Menschen, unabh\u00e4ngig ihrer Ideologie&#8221;.<\/p>\n<p>Auch hat bestritten, dass ausreichende Mittel es gesundheitliche Probleme zu l\u00f6sen, und es erinnerte uns daran, dass die Ausgaben f\u00fcr Gesundheit in Spanien, als Prozentsatz des BIP sowohl pro Kopf unter dem Durchschnitt f\u00fcr die EU ist.<\/p>\n<p>Obwohl seine Partei noch nicht entschieden, wenn es eine Verfassungsbeschwerde von dieser Ma\u00dfnahme vorlegen wird, Cayo Lara hat darauf bestanden, dass bei allen B\u00fcrgern gleich sind vor das Gesetz nicht sein kann, es gibt einige von ihnen, die Sie &#8220;Abgesehen davon, dass in der spanischen Verfassung verankerte Recht verlassen k\u00f6nnen&#8221;.<\/p>\n<p>UI F\u00fchrer hat diesen Freitag &#8211; bereut wenn trifft der Rat der Minister &#8211; nun jetzt &#8220;Freitag schwarz dieses Marianischen Zeitalters&#8221;, in denen sind genehmigten &#8220;Ma\u00dfnahmen gegen die B\u00fcrger&#8221; und mit einer Regierung, die &#8220;regieren nicht, f\u00fcr die Menschen, sondern f\u00fcr die gro\u00dfen finanziellen Kr\u00e4ften und Spekulanten in den Markt und machen f\u00fcr die Krise zu zahlen, die nicht daf\u00fcr verantwortlich sind&#8221;.<\/p>\n","protected":false},"excerpt":{"rendered":"<p>Madrid, 21 APR (EFE).-die Bundesrepublik Koordinator der United Left (IU), Cayo Lara, jetzt als Anpassungen gestern genehmigt durch die Regierung repr\u00e4sentieren eine &#8220;demokratische Regression&#8221; zu &#8220;kriminalisieren&#8221; Gesundheit und Bildung. In Erkl\u00e4rungen f\u00fcr die Medien vor Wartungsarbeiten der Kommission Executive der Partei der Europ\u00e4ischen Linken, Lara auch prangerte die Absicht des Vorstands des &#8220;zur\u00fcck zur letzten [&hellip;]<\/p>\n","protected":false},"author":1,"featured_media":0,"comment_status":"close","ping_status":"open","sticky":false,"template":"","format":"standard","meta":{"footnotes":""},"categories":[3],"tags":[19531],"class_list":["post-8758","post","type-post","status-publish","format-standard","hentry","category-allgemeine","tag-diesells","et-doesnt-have-format-content","et_post_format-et-post-format-standard"],"_links":{"self":[{"href":"https:\/\/www.best-dentist-dentistry.com\/de\/wp-json\/wp\/v2\/posts\/8758","targetHints":{"allow":["GET"]}}],"collection":[{"href":"https:\/\/www.best-dentist-dentistry.com\/de\/wp-json\/wp\/v2\/posts"}],"about":[{"href":"https:\/\/www.best-dentist-dentistry.com\/de\/wp-json\/wp\/v2\/types\/post"}],"author":[{"embeddable":true,"href":"https:\/\/www.best-dentist-dentistry.com\/de\/wp-json\/wp\/v2\/users\/1"}],"replies":[{"embeddable":true,"href":"https:\/\/www.best-dentist-dentistry.com\/de\/wp-json\/wp\/v2\/comments?post=8758"}],"version-history":[{"count":0,"href":"https:\/\/www.best-dentist-dentistry.com\/de\/wp-json\/wp\/v2\/posts\/8758\/revisions"}],"wp:attachment":[{"href":"https:\/\/www.best-dentist-dentistry.com\/de\/wp-json\/wp\/v2\/media?parent=8758"}],"wp:term":[{"taxonomy":"category","embeddable":true,"href":"https:\/\/www.best-dentist-dentistry.com\/de\/wp-json\/wp\/v2\/categories?post=8758"},{"taxonomy":"post_tag","embeddable":true,"href":"https:\/\/www.best-dentist-dentistry.com\/de\/wp-json\/wp\/v2\/tags?post=8758"}],"curies":[{"name":"wp","href":"https:\/\/api.w.org\/{rel}","templated":true}]}}