{"id":8824,"date":"2012-06-29T02:41:52","date_gmt":"2012-06-29T02:41:52","guid":{"rendered":null},"modified":"-0001-11-30T00:00:00","modified_gmt":"-0001-11-30T00:00:00","slug":"parliament-approved-the-cuts-in-education-and-health","status":"publish","type":"post","link":"https:\/\/www.best-dentist-dentistry.com\/de\/parliament-approved-the-cuts-in-education-and-health\/8824","title":{"rendered":"Das Parlament billigt die K\u00fcrzungen im Bildungs  und Gesundheitswesen"},"content":{"rendered":"<p class=\"first\"> MADRID (Reuters) &#8211; das Abgeordnetenhaus genehmigt am Donnerstag die k\u00f6niglichen Erlasse freien Lauf in den Schnitt von \u20ac 10 Milliarden in Bildung und Gesundheit, zwei traditionell gesch\u00fctzte Gebiete in Spanien, was zu zahlreichen Protesten und Demonstrationen gef\u00fchrt hat.<\/p>\n<p>Gesundheit muss 7 Milliarden und Bildung 3000 Millionen sparen und daf\u00fcr eingef\u00fchrt werden irgendeine Art der Selbstbeteiligung in verschreibungspflichtige Medikamente, steigt die Zahl der Sch\u00fcler pro Klasse in den Schulen und Studiengeb\u00fchren steigen [ID: nL6E8FJE07], die mehr identifiziert Reformma\u00dfnahmen.<\/p>\n<p>&#8220;Ist mit diesem Dekret F\u00f6rderung einen R\u00fcckgang beispiellos, Sie Segel zwischen Mittelalter und eine R\u00fcckkehr zu der Franco, selektive und darauf ausgerichtet, bei dem elit\u00e4ren Ausbildung-Modell,&#8221;, sagte United N\u00e4chstenliebe verlie\u00df Garcia stellvertretender an den Minister f\u00fcr Bildung, Kultur und Sport, Jos\u00e9 Ignacio Wert im Parlament.<\/p>\n<p>Diese Reformen haben nicht wenig Unterst\u00fctzung zwischen den politischen Parteien in das Abgeordnetenhaus, wo die PP die absolute Mehrheit der 186 Abgeordnete genie\u00dft anwesend. Keine andere Gruppe gab seine Unterst\u00fctzung der Ma\u00dfnahmen mit 178 Stimmen bei 137 gegen.<\/p>\n<p>&#8220;Dein Motto Ministerin nichts anderes als vor der Krise zumindest ist, die sparen unsere&#8221;, sagte Joan Tarda, ERC, in der Debatte \u00fcber die Real-Decreto Education Act.<\/p>\n<p>&#8220;W\u00e4hrend gab Wachstum, egal wer Sie der Torwart-Sohn studieren (&#8230;)&#8221; aber wenn die Versch\u00e4rfung der Konkurrenz, wenn er die Krise l\u00f6st gesch\u00fctzt sind. &#8220;Dann haben sicherzustellen, dass die kleinen Kuchen wird f\u00fcr das gute, f\u00fcr die Kinder der reichen, nicht f\u00fcr die Kinder von der Torh\u00fcter sein&#8221; hinzugef\u00fcgt.<\/p>\n<p>Die Regierung k\u00fcndigte Anfang April dieses neuen zus\u00e4tzlichen Ausschnitt als Reaktion auf Druck von den Finanzm\u00e4rkten Senkung des \u00f6ffentlichen Defizits Spaniens.<\/p>\n<p>Die Europ\u00e4ische Union hat ein Ziel von 3 % Defizit f\u00fcr 2013 nach Spanien gesetzt. Zur Zeit des Landes Defizit ist \u00fcber 8 Prozent.<\/p>\n<p>The PP Executive argumentiert, dass die Ma\u00dfnahme f\u00fcr die Nachhaltigkeit der \u00f6ffentlichen Bildung und Gesundheit notwendig ist. Nur Gesundheit Schulden in H\u00f6he von EUR 15 Milliarden mit Lieferanten sammelt.<\/p>\n<p>Gemeinschaften, Kosten von Gesundheit und Bildung, die f\u00fcr die Hauptschuldigen der Abweichung von Zielen der spanische Haushaltsdefizit im Jahr 2012 und sind zusammen mit den angeschlagenen Finanzsektor, einer der Hauptgr\u00fcnde f\u00fcr Misstrauen von Investoren nach Spanien wurden.<\/p>\n<p>Tausende Spanier gingen auf die Stra\u00dfe am 29. April einen Monat nach dem Generalstreik gegen die Reform der Arbeit, die die Entlassung, die S\u00e4ulen des Wohlfahrtsstaates als Protest gegen die K\u00fcrzungen im Gesundheits- und Bildungswesen, senkt der 29-m.<\/p>\n<p>Auf 22 kann einen Streik in der \u00f6ffentlichen Erziehung Schnittschutz aufgerufen.<\/p>\n<p>Prominente, wie z. B. ehemaligen Generaldirektor der UNESCO, Federico Mayor Zaragoza, Teresa Berganza Operns\u00e4nger, der Regisseur und Drehbuchautor David Trueba oder Santos Juli\u00e1, Nationalpreis f\u00fcr Geschichte, Teilnahme an einer Kampagne, die heute von der Website &#8220;Yoestudieenlaescuelapublica&#8221; ins Leben gerufen.<\/p>\n<p>Spanisch die Regierung derzeit finanzielle Restrukturierung um gemauerten Bankensystems Spanisch, innen ein gro\u00dfes nationales Reformprogramm desinfizieren.<\/p>\n<p>Spanien geben Sie einfach in der zweiten Rezession seit drei Jahren und es ist das Epizentrum der Schuldenkrise der Eurozone geworden.<\/p>\n","protected":false},"excerpt":{"rendered":"<p>MADRID (Reuters) &#8211; das Abgeordnetenhaus genehmigt am Donnerstag die k\u00f6niglichen Erlasse freien Lauf in den Schnitt von \u20ac 10 Milliarden in Bildung und Gesundheit, zwei traditionell gesch\u00fctzte Gebiete in Spanien, was zu zahlreichen Protesten und Demonstrationen gef\u00fchrt hat. Gesundheit muss 7 Milliarden und Bildung 3000 Millionen sparen und daf\u00fcr eingef\u00fchrt werden irgendeine Art der Selbstbeteiligung [&hellip;]<\/p>\n","protected":false},"author":1,"featured_media":0,"comment_status":"close","ping_status":"open","sticky":false,"template":"","format":"standard","meta":{"footnotes":""},"categories":[3],"tags":[],"class_list":["post-8824","post","type-post","status-publish","format-standard","hentry","category-allgemeine","et-doesnt-have-format-content","et_post_format-et-post-format-standard"],"_links":{"self":[{"href":"https:\/\/www.best-dentist-dentistry.com\/de\/wp-json\/wp\/v2\/posts\/8824","targetHints":{"allow":["GET"]}}],"collection":[{"href":"https:\/\/www.best-dentist-dentistry.com\/de\/wp-json\/wp\/v2\/posts"}],"about":[{"href":"https:\/\/www.best-dentist-dentistry.com\/de\/wp-json\/wp\/v2\/types\/post"}],"author":[{"embeddable":true,"href":"https:\/\/www.best-dentist-dentistry.com\/de\/wp-json\/wp\/v2\/users\/1"}],"replies":[{"embeddable":true,"href":"https:\/\/www.best-dentist-dentistry.com\/de\/wp-json\/wp\/v2\/comments?post=8824"}],"version-history":[{"count":0,"href":"https:\/\/www.best-dentist-dentistry.com\/de\/wp-json\/wp\/v2\/posts\/8824\/revisions"}],"wp:attachment":[{"href":"https:\/\/www.best-dentist-dentistry.com\/de\/wp-json\/wp\/v2\/media?parent=8824"}],"wp:term":[{"taxonomy":"category","embeddable":true,"href":"https:\/\/www.best-dentist-dentistry.com\/de\/wp-json\/wp\/v2\/categories?post=8824"},{"taxonomy":"post_tag","embeddable":true,"href":"https:\/\/www.best-dentist-dentistry.com\/de\/wp-json\/wp\/v2\/tags?post=8824"}],"curies":[{"name":"wp","href":"https:\/\/api.w.org\/{rel}","templated":true}]}}