{"id":8885,"date":"2012-06-30T02:45:59","date_gmt":"2012-06-30T02:45:59","guid":{"rendered":null},"modified":"-0001-11-30T00:00:00","modified_gmt":"-0001-11-30T00:00:00","slug":"indigenous-accused-morales-of-violating-human-rights-in-meeting-with-insulza","status":"publish","type":"post","link":"https:\/\/www.best-dentist-dentistry.com\/de\/indigenous-accused-morales-of-violating-human-rights-in-meeting-with-insulza\/8885","title":{"rendered":"Indigene beschuldigt Morales von der Verletzung der Menschenrechte in Treffen mit Insulza"},"content":{"rendered":"<p class=\"first\"> Cochabamba (Bolivien), 3 jun (EFE).-die Bolivien-Indianer, die im Amazonas nach La Paz gegen eine Stra\u00dfe in der Tipnis-Park heute M\u00e4rz beschuldigte den Pr\u00e4sidenten Evo Morales der Verletzung ihrer Rechte und diejenigen der anderen Bolivianer in einem Treffen mit dem Generalsekret\u00e4r der OAS, Jos\u00e9 Miguel Insulza.<\/p>\n<p>Native F\u00fchrer Adolfo Ch\u00e1vez, Fernando Vargas, Rafael Quispe u.a. traf mit Insulza f\u00fcr mehr als eine Stunde im Hotel in Cochabamba, wo in den n\u00e4chsten paar Stunden werden die regionalen installiert K\u00f6rper Assembly 42.<\/p>\n<p>Vargas, Anf\u00fchrer der ethnischen Gruppen des Territoriums indigenen Parque Nacional Isiboro Secure (Tipnis), berichtete, dass sie Insulza erkl\u00e4rt &#8220;, dass die Rechte der indigenen V\u00f6lker und auch das bolivianische Volk von dieser Regierung verletzt werden&#8221; weil niemand nichts Gegenteil sagen k\u00f6nnen, weil es verfolgt und angeklagt wird.<\/p>\n<p>&#8220;Ist nicht hier speziell an ein Projekt der Stra\u00dfe, sondern das Leben der indigenen V\u00f6lker von dieser Verletzung wir gelitten haben&#8221;, betonte den F\u00fchrer, der den Weg nach La Paz auf Nachfrage Morales nicht, bestehen die Arbeit f\u00fchrt, die die brasilianische Firma OAS gebaut.<\/p>\n<p>Ist die zweite Mobilisierung der indigenen V\u00f6lker des Amazonas in weniger als einem Jahr, zwischen August und Oktober 2011 der erste Druck Morales, ein Gesetz zu erlassen, die Stra\u00dfe, verbietet, von denen der Vertreter dann bereut.<\/p>\n<p>Nach Vargas, Insulza versprach, Fragen Sie die Regierung Morales auf die Untersuchungen so weit \u00fcber die brutalen Polizei\u00fcbergriff erlitt der Ureinwohner am 25. September w\u00e4hrend der ersten M\u00e4rz meldet.<\/p>\n<p>Hinzugef\u00fcgt, die die Regierung nicht &#8220;also weit nichts&#8221; zu kl\u00e4ren, warum dieser Vorgang in einer Krise Kabinett mit mehreren R\u00fccktritten in den Ministerien Regierung und Verteidigung f\u00fchrte aufgetreten.<\/p>\n<p>Amazonas ethnische Gruppen argumentieren, dass die Tipnis eine \u00f6kologische Reserve von gro\u00dfem Wert f\u00fcr seine au\u00dfergew\u00f6hnlichen Fauna und Flora und l\u00e4uft Gefahr wird von den Herstellern der Kokabl\u00e4tter, Rohstoff f\u00fcr Kokain, in der N\u00e4he von Chapare, politische und gewerkschaftliche Bastion Morales eingedrungen.<\/p>\n<p>&#8220;\u00dcber das Thema des Parks, sagte von vorne gibt es eine Verletzung der Rechte.&#8221; &#8220;Er muss ein Garant f\u00fcr diese Rechte&#8221;, sagte Quispe, und f\u00fcgte hinzu, dass Insulza mitverantwortlich f\u00fcr den Schutz ihrer Rechte werden.<\/p>\n<p>Der indigenen Bev\u00f6lkerung f\u00fcgte hinzu, dass sie Insulza der Interamerikanischen Kommission f\u00fcr Menschenrechte (IACHR fragten) erhielt von ihm w\u00e4hrend der 42 Versammlung, die bis Dienstag weiterhin, ihre Forderungen zu erkl\u00e4ren. EFE<\/p>\n<p>ja\/bin\/Jrh<\/p>\n","protected":false},"excerpt":{"rendered":"<p>Cochabamba (Bolivien), 3 jun (EFE).-die Bolivien-Indianer, die im Amazonas nach La Paz gegen eine Stra\u00dfe in der Tipnis-Park heute M\u00e4rz beschuldigte den Pr\u00e4sidenten Evo Morales der Verletzung ihrer Rechte und diejenigen der anderen Bolivianer in einem Treffen mit dem Generalsekret\u00e4r der OAS, Jos\u00e9 Miguel Insulza. Native F\u00fchrer Adolfo Ch\u00e1vez, Fernando Vargas, Rafael Quispe u.a. traf [&hellip;]<\/p>\n","protected":false},"author":1,"featured_media":0,"comment_status":"close","ping_status":"open","sticky":false,"template":"","format":"standard","meta":{"footnotes":""},"categories":[3],"tags":[19661],"class_list":["post-8885","post","type-post","status-publish","format-standard","hentry","category-allgemeine","tag-oas-system","et-doesnt-have-format-content","et_post_format-et-post-format-standard"],"_links":{"self":[{"href":"https:\/\/www.best-dentist-dentistry.com\/de\/wp-json\/wp\/v2\/posts\/8885","targetHints":{"allow":["GET"]}}],"collection":[{"href":"https:\/\/www.best-dentist-dentistry.com\/de\/wp-json\/wp\/v2\/posts"}],"about":[{"href":"https:\/\/www.best-dentist-dentistry.com\/de\/wp-json\/wp\/v2\/types\/post"}],"author":[{"embeddable":true,"href":"https:\/\/www.best-dentist-dentistry.com\/de\/wp-json\/wp\/v2\/users\/1"}],"replies":[{"embeddable":true,"href":"https:\/\/www.best-dentist-dentistry.com\/de\/wp-json\/wp\/v2\/comments?post=8885"}],"version-history":[{"count":0,"href":"https:\/\/www.best-dentist-dentistry.com\/de\/wp-json\/wp\/v2\/posts\/8885\/revisions"}],"wp:attachment":[{"href":"https:\/\/www.best-dentist-dentistry.com\/de\/wp-json\/wp\/v2\/media?parent=8885"}],"wp:term":[{"taxonomy":"category","embeddable":true,"href":"https:\/\/www.best-dentist-dentistry.com\/de\/wp-json\/wp\/v2\/categories?post=8885"},{"taxonomy":"post_tag","embeddable":true,"href":"https:\/\/www.best-dentist-dentistry.com\/de\/wp-json\/wp\/v2\/tags?post=8885"}],"curies":[{"name":"wp","href":"https:\/\/api.w.org\/{rel}","templated":true}]}}