{"id":8927,"date":"2012-07-01T02:27:05","date_gmt":"2012-07-01T02:27:05","guid":{"rendered":null},"modified":"-0001-11-30T00:00:00","modified_gmt":"-0001-11-30T00:00:00","slug":"satse-linked-the-closure-of-three-plants-of-the-clinical-hospital-of-valladolid-in-holy-week-to-cuts","status":"publish","type":"post","link":"https:\/\/www.best-dentist-dentistry.com\/de\/satse-linked-the-closure-of-three-plants-of-the-clinical-hospital-of-valladolid-in-holy-week-to-cuts\/8927","title":{"rendered":"Satse verkn\u00fcpft die Schlie\u00dfung von drei Pflanzen der klinischen Krankenhaus von Valladolid in der Karwoche zu K\u00fcrzungen"},"content":{"rendered":"<p class=\"first\"> <span class=\"yshortcuts\" id=\"lw_1333551705_0\"> VALLADOLID<\/span>, 4 (<span class=\"yshortcuts\" id=\"lw_1333551705_1\"> EUROPA PRESS<\/span>)<\/p>\n<p><span class=\"yshortcuts\" id=\"lw_1333551705_3\"> Krankenpflege<\/span> <span class=\"yshortcuts\" id=\"lw_1333551705_2\"> Union<\/span> Satse hat gewarnt Mittwoch, dass drei Etagen der Hospital Cl\u00ednico de Valladolid w\u00e4hrend der Heiligen Woche geschlossen werden an den &#8220;Schnitten&#8221;, die Auswirkungen auf die Gesundheit-Obacht, die in der Gemeinschaft vertretenden.<\/p>\n<p>Insbesondere Satse erkl\u00e4rte in einer Erkl\u00e4rung von Europa Press, vom 31. M\u00e4rz abgeholt und sie bleiben geschlossen bis zum 8. April das Werk S\u00fcd 3rd (Allgemeine Chirurgie), Norden (Traumatologie) 5th und Reanimation chirurgische.<\/p>\n<p>&#8220;Diese Situation der Krankenh\u00e4user in Ostern Betriebsschlie\u00dfungen nicht Pr\u00e4zedenzf\u00e4lle in Castilla y Le\u00f3n seit bisher nie haben hatte Schlie\u00dfung von Einheiten in dieser Zeit des Jahres, obwohl ja Verschl\u00fcsse in diesem Krankenhaus aus Valladolid w\u00e4hrend der Br\u00fccke der Verfassung und in der vergangenen Weihnachten eingetreten&#8221;, bemerkte die Quellen.<\/p>\n<p>Auch, mehrere Pflanzen und Einheiten w\u00e4hrend der letzten Urlaub in der Hospital Universitario Rio Hortega Valladolid geschlossen Jahreszeit, &#8220;etwas, das nicht vor dem geschehen war, in dieser Zeit des Jahres&#8221;, nach der Union, die auch darauf hingewiesen, dass w\u00e4hrend der Heiligen Woche acht Betten in der Gyn\u00e4kologie des regionalen Krankenhaus von Medina del Campo gel\u00f6scht werden.<\/p>\n<p>&#8220;Diese Verschl\u00fcsse tun sichtbar K\u00fcrzungen stattfinden im regionalen Gesundheitswesen, Schnitte, die die Gesundheitsministerin, Antonio Mar\u00eda Saez Aguado, unbekannte und verweigert immer und immer wieder&#8221;, sagt er.<\/p>\n<p>Hat auch kritisiert, dass er nicht vor den Vertretern der Arbeitnehmer f\u00fcr diese Verschl\u00fcsse gemeldet hat, obwohl ja Supervisors Krankenschwestern und nahen &#8220;, dass von nun an es weniger als Ersatz f\u00fcr Personal gibt und, dass nur 30 Prozent der gesamten Belegschaft der Krankenpflege zu fangen Urlaub zu einem Zeitpunkt ist&#8221; mitgeteilt wurde.<\/p>\n","protected":false},"excerpt":{"rendered":"<p>VALLADOLID, 4 ( EUROPA PRESS) Krankenpflege Union Satse hat gewarnt Mittwoch, dass drei Etagen der Hospital Cl\u00ednico de Valladolid w\u00e4hrend der Heiligen Woche geschlossen werden an den &#8220;Schnitten&#8221;, die Auswirkungen auf die Gesundheit-Obacht, die in der Gemeinschaft vertretenden. Insbesondere Satse erkl\u00e4rte in einer Erkl\u00e4rung von Europa Press, vom 31. M\u00e4rz abgeholt und sie bleiben geschlossen [&hellip;]<\/p>\n","protected":false},"author":1,"featured_media":0,"comment_status":"close","ping_status":"open","sticky":false,"template":"","format":"standard","meta":{"footnotes":""},"categories":[3],"tags":[19694],"class_list":["post-8927","post","type-post","status-publish","format-standard","hentry","category-allgemeine","tag-brustkrebserkrankungen","et-doesnt-have-format-content","et_post_format-et-post-format-standard"],"_links":{"self":[{"href":"https:\/\/www.best-dentist-dentistry.com\/de\/wp-json\/wp\/v2\/posts\/8927","targetHints":{"allow":["GET"]}}],"collection":[{"href":"https:\/\/www.best-dentist-dentistry.com\/de\/wp-json\/wp\/v2\/posts"}],"about":[{"href":"https:\/\/www.best-dentist-dentistry.com\/de\/wp-json\/wp\/v2\/types\/post"}],"author":[{"embeddable":true,"href":"https:\/\/www.best-dentist-dentistry.com\/de\/wp-json\/wp\/v2\/users\/1"}],"replies":[{"embeddable":true,"href":"https:\/\/www.best-dentist-dentistry.com\/de\/wp-json\/wp\/v2\/comments?post=8927"}],"version-history":[{"count":0,"href":"https:\/\/www.best-dentist-dentistry.com\/de\/wp-json\/wp\/v2\/posts\/8927\/revisions"}],"wp:attachment":[{"href":"https:\/\/www.best-dentist-dentistry.com\/de\/wp-json\/wp\/v2\/media?parent=8927"}],"wp:term":[{"taxonomy":"category","embeddable":true,"href":"https:\/\/www.best-dentist-dentistry.com\/de\/wp-json\/wp\/v2\/categories?post=8927"},{"taxonomy":"post_tag","embeddable":true,"href":"https:\/\/www.best-dentist-dentistry.com\/de\/wp-json\/wp\/v2\/tags?post=8927"}],"curies":[{"name":"wp","href":"https:\/\/api.w.org\/{rel}","templated":true}]}}