{"id":8960,"date":"2012-07-02T02:26:47","date_gmt":"2012-07-02T02:26:47","guid":{"rendered":null},"modified":"-0001-11-30T00:00:00","modified_gmt":"-0001-11-30T00:00:00","slug":"obama-said-that-he-hoped-that-the-supreme-court-will-reaffirm-health-reform","status":"publish","type":"post","link":"https:\/\/www.best-dentist-dentistry.com\/de\/obama-said-that-he-hoped-that-the-supreme-court-will-reaffirm-health-reform\/8960","title":{"rendered":"Obama sagte, er hoffe, dass der Oberste Gerichtshof Gesundheitsreform bekr\u00e4ftigen wird"},"content":{"rendered":"<p class=\"first\"> Washington, 2 APR (EFE).-der Pr\u00e4sident der Vereinigten Staaten.UU., Barack Obama, sagte heute, dass er hoffe, dass am Ende, das oberste Gericht die G\u00fcltigkeit der Gesundheitsreform 2010 bekr\u00e4ftigen wird, denn seiner Ansicht nach ist es &#8220;konstitutionellen&#8221;.<\/p>\n<p>Obama, &#8220;Ich vertraue darauf, dass der Oberste Gerichtshof nicht stattfinden wird, was w\u00e4re ein Schritt von au\u00dfergew\u00f6hnlichen und noch nie da gewesenen, ein Gesetz aufzuheben, die durch eine starke Mehrheit einem demokratisch gew\u00e4hlten Kongress genehmigt wurde&#8221;, sagte bei einer gemeinsamen Pressekonferenz mit seinem mexikanischen Kollegen Felipe Calderon, kanadische Premierminister Stephen Harper.<\/p>\n<p>&#8220;Ist konstitutionelle.&#8221; &#8220;Das ist nicht nur meine Meinung, aber die Meinung von Rechtsexperten \u00fcber die ideologischen Bereich, einschlie\u00dflich zwei Richter eines Gerichts Rechtsmittel sehr konservativ&#8221;, erkl\u00e4rte Obama.<\/p>\n<p>F\u00fcr Obama, den Fall vor das oberste Gericht ein &#8220;gutes Beispiel&#8221; Warnung ist, dass die Jury, nicht gew\u00e4hlten Volksvertretung zur Aufhebung eines Gesetzes daher seinen Optimismus bekr\u00e4ftigte, dass der obersten diese Realit\u00e4t erkennen wird und &#8220;wird nicht, die Schritt&#8221;.<\/p>\n<p>&#8220;Dies ist kein abstraktes Argument.&#8221; &#8220;Die mangelnde Verf\u00fcgbarkeit von Gesundheitsversorgung wirkt sich auf die Leben des Volkes&#8221; und die Reform hat bereits gegeben, Abdeckung 2,50 Millionen junger Menschen, betonte Obama.<\/p>\n<p>\u00dcber drei Tage Letzte Woche, der Oberste Gerichtshof geh\u00f6rt m\u00fcndliche Argumente f\u00fcr und gegen die Gesundheitsreform, mit Schwerpunkt auf vier wesentliche Aspekte auf die Verfassungsm\u00e4\u00dfigkeit der Ma\u00dfnahme, die wichtigste Errungenschaft des Mandats des Obama und, die vom Kongress im Jahr 2010 ohne Unterst\u00fctzung der republikanischen Opposition angenommen wurde.<\/p>\n<p>Das zentrale Thema, die auf das \u00dcberleben der ganz oder teilweise der Reform abh\u00e4ngen wird, dreht sich um, ob Kongress kann oder auch nicht, im Rahmen ihrer Zust\u00e4ndigkeiten, die Amerikaner haben Krankenversichung unter Androhung einer Geldstrafe verlangen konstitutionelle.<\/p>\n<p>Zwischen den Elementen der komplexen Gesundheitswesen reformieren &#8211; die gr\u00f6\u00dfte in fast einem halben Jahrhundert in den Vereinigten Staaten.UU-erfordert, dass alle Amerikaner, die keine Versicherung durch ihre Arbeitgeber oder soziale Wohlfahrtsprogramme ab 2014 haben es zu erwerben oder eine Geldbu\u00dfe Zahlen.<\/p>\n<p>Obama betonte eine Reihe von Vorteilen der Gesundheitsreform und f\u00fcr die \u00f6ffentliche Meinung und die neun Richter des Obersten Gerichtshofs, die verstehen, dass ohne die obligatorische Krankenversicherung aufgerufen, es g\u00e4be ein Mechanismus, der Krankenversicherung f\u00fcr Menschen mit bereits bestehenden medizinischen Problemen k\u00f6nnen.<\/p>\n<p>Ist das erste Mal, das der amerikanische Pr\u00e4sident direkt \u00fcber die nationale Debatte \u00fcber Reform des Gesundheitswesens, ausgesprochen wird, die ein Wahlkampf Thema geworden ist. Republikaner haben versprochen, es zu widerrufen, wenn das Wei\u00dfe Haus kommenden November abgerufen.<\/p>\n<p>Obama Erkl\u00e4rungen dieser w\u00e4hrend einer gemeinsamen Pressekonferenz am Ende einen trilateralen Gipfel mit Calderon und Harper, um Zusammenarbeit in Fragen der Sicherheit und des wirtschaftlichen Wohlstands von Nordamerika weiter zu st\u00e4rken. EFE<\/p>\n<p>Mv\/mp\/Essen<\/p>\n","protected":false},"excerpt":{"rendered":"<p>Washington, 2 APR (EFE).-der Pr\u00e4sident der Vereinigten Staaten.UU., Barack Obama, sagte heute, dass er hoffe, dass am Ende, das oberste Gericht die G\u00fcltigkeit der Gesundheitsreform 2010 bekr\u00e4ftigen wird, denn seiner Ansicht nach ist es &#8220;konstitutionellen&#8221;. Obama, &#8220;Ich vertraue darauf, dass der Oberste Gerichtshof nicht stattfinden wird, was w\u00e4re ein Schritt von au\u00dfergew\u00f6hnlichen und noch nie [&hellip;]<\/p>\n","protected":false},"author":1,"featured_media":0,"comment_status":"close","ping_status":"open","sticky":false,"template":"","format":"standard","meta":{"footnotes":""},"categories":[3],"tags":[],"class_list":["post-8960","post","type-post","status-publish","format-standard","hentry","category-allgemeine","et-doesnt-have-format-content","et_post_format-et-post-format-standard"],"_links":{"self":[{"href":"https:\/\/www.best-dentist-dentistry.com\/de\/wp-json\/wp\/v2\/posts\/8960","targetHints":{"allow":["GET"]}}],"collection":[{"href":"https:\/\/www.best-dentist-dentistry.com\/de\/wp-json\/wp\/v2\/posts"}],"about":[{"href":"https:\/\/www.best-dentist-dentistry.com\/de\/wp-json\/wp\/v2\/types\/post"}],"author":[{"embeddable":true,"href":"https:\/\/www.best-dentist-dentistry.com\/de\/wp-json\/wp\/v2\/users\/1"}],"replies":[{"embeddable":true,"href":"https:\/\/www.best-dentist-dentistry.com\/de\/wp-json\/wp\/v2\/comments?post=8960"}],"version-history":[{"count":0,"href":"https:\/\/www.best-dentist-dentistry.com\/de\/wp-json\/wp\/v2\/posts\/8960\/revisions"}],"wp:attachment":[{"href":"https:\/\/www.best-dentist-dentistry.com\/de\/wp-json\/wp\/v2\/media?parent=8960"}],"wp:term":[{"taxonomy":"category","embeddable":true,"href":"https:\/\/www.best-dentist-dentistry.com\/de\/wp-json\/wp\/v2\/categories?post=8960"},{"taxonomy":"post_tag","embeddable":true,"href":"https:\/\/www.best-dentist-dentistry.com\/de\/wp-json\/wp\/v2\/tags?post=8960"}],"curies":[{"name":"wp","href":"https:\/\/api.w.org\/{rel}","templated":true}]}}