{"id":9005,"date":"2012-07-03T02:20:35","date_gmt":"2012-07-03T02:20:35","guid":{"rendered":null},"modified":"-0001-11-30T00:00:00","modified_gmt":"-0001-11-30T00:00:00","slug":"satse-regrets-to-ana-mato-take-measures-on-nurses-without-asking-for-your-opinion","status":"publish","type":"post","link":"https:\/\/www.best-dentist-dentistry.com\/de\/satse-regrets-to-ana-mato-take-measures-on-nurses-without-asking-for-your-opinion\/9005","title":{"rendered":"SATSE bedauern Ana Mato Ma\u00dfnahmen auf Krankenschwestern ohne fragt Sie nach Ihrer Meinung"},"content":{"rendered":"<p class=\"first\"> <span class=\"yshortcuts\" id=\"lw_1331645732_0\"> MADRID<\/span>, 13 (<span class=\"yshortcuts\" id=\"lw_1331645732_1\"> EUROPA PRESS<\/span>)<\/p>\n<p><span class=\"yshortcuts\" id=\"lw_1331645732_2\"> Union<\/span> <span class=\"yshortcuts\" id=\"lw_1331645732_4\"> SATSE<\/span> <span class=\"yshortcuts\" id=\"lw_1331645732_3\"> Krankenpflege<\/span> hat beklagt, dass der <span class=\"yshortcuts\" id=\"lw_1331645732_5\"> Minister<\/span> f\u00fcr <span class=\"yshortcuts\" id=\"lw_1331645732_6\"> Gesundheit<\/span>, <span class=\"yshortcuts\" id=\"lw_1331645732_7\"> Soziales<\/span> und <span class=\"yshortcuts\" id=\"lw_1331645732_8\"> Gleichstellung<\/span>, Ana Mato, Ma\u00dfnahmen angek\u00fcndigt hat, die dieser Gruppe auswirken wird, ohne dass Ihre Meinung auf Projekte wie die Schaffung eines Systems der beruflichen Entwicklung in Spanien, das Management der Gesundheitsberufe oder die Entwicklung einer Plattform f\u00fcr Innovation in diesem Sektor genehmigt.<\/p>\n<p>Sind ver\u00e4rgert weil Mato &#8220;limit zugeschnitten&#8221; mit Foren wie dem Beratenden Ausschuss des nationalen Gesundheitssystems, hielt auch am Montag und die nicht vertretenen Gewerkschaften gew\u00e4hlt von Fachleuten an den Wahlurnen.<\/p>\n<p>Diesem Grund, den Generalsekret\u00e4r der SATSE, Alejandro Laguna, Mato &#8220;so das Gesetz einzuhalten und beruft ein etabliertes Verhandlungen Rahmen um die aktuelle Situation des \u00f6ffentlichen Gesundheitswesens und L\u00f6sungen, die die Obacht, die dem B\u00fcrger verbessern gemeinsam zu l\u00f6sen&#8221; gestellt hat.<\/p>\n<p>Lagune hat dieses SATSE, Victor Aznar, erinnerte Pr\u00e4sident, zusammen mit CEMSATSE, geschickt hat Patricio Martinez, verantwortlich f\u00fcr das Schreiben an das Ministerium betont, dass Gesetz 55\/2003, der 16. Dezember, der Rahmen-Satzung der gesetzlichen Mitarbeiter der Gesundheitsdienste, die Entwicklung des G\u00fcltigkeitsbereichs Verhandlungen sieht, und dies trifftmindestens einmal im Jahr. <\/p>\n<p>Durch die Einberufung des Forums der Verhandlungen seit Jahren die Krankenpflege Union zu Gerechtigkeit Griff, die gab ihm des Grund in einem Urteil der Audiencia Nacional, 14. April 2010.<\/p>\n<p>&#8220;SATSE Mittel wesentlich f\u00fcr die Einberufung dieses Forums um die Arbeitsbedingungen der gesetzlichen Mitarbeiter der verschiedenen Dienste der Gesundheit zu analysieren, um ein Gesundheitswesen mit h\u00f6chster Qualit\u00e4t, schnell und effizient wie m\u00f6glich zu bieten.&#8221; &#8220;\u00c4hnlich argumentiert, besteht die Notwendigkeit, einen Zeitplan f\u00fcr die Sitzungen, so dass Sie einen Konsens \u00fcber Aktionen und Ma\u00dfnahmen herzustellen&#8221;, behaupten.<\/p>\n","protected":false},"excerpt":{"rendered":"<p>MADRID, 13 ( EUROPA PRESS) Union SATSE Krankenpflege hat beklagt, dass der Minister f\u00fcr Gesundheit, Soziales und Gleichstellung, Ana Mato, Ma\u00dfnahmen angek\u00fcndigt hat, die dieser Gruppe auswirken wird, ohne dass Ihre Meinung auf Projekte wie die Schaffung eines Systems der beruflichen Entwicklung in Spanien, das Management der Gesundheitsberufe oder die Entwicklung einer Plattform f\u00fcr Innovation [&hellip;]<\/p>\n","protected":false},"author":1,"featured_media":0,"comment_status":"close","ping_status":"open","sticky":false,"template":"","format":"standard","meta":{"footnotes":""},"categories":[3],"tags":[19819,19817],"class_list":["post-9005","post","type-post","status-publish","format-standard","hentry","category-allgemeine","tag-bedauern","tag-domicilio","et-doesnt-have-format-content","et_post_format-et-post-format-standard"],"_links":{"self":[{"href":"https:\/\/www.best-dentist-dentistry.com\/de\/wp-json\/wp\/v2\/posts\/9005","targetHints":{"allow":["GET"]}}],"collection":[{"href":"https:\/\/www.best-dentist-dentistry.com\/de\/wp-json\/wp\/v2\/posts"}],"about":[{"href":"https:\/\/www.best-dentist-dentistry.com\/de\/wp-json\/wp\/v2\/types\/post"}],"author":[{"embeddable":true,"href":"https:\/\/www.best-dentist-dentistry.com\/de\/wp-json\/wp\/v2\/users\/1"}],"replies":[{"embeddable":true,"href":"https:\/\/www.best-dentist-dentistry.com\/de\/wp-json\/wp\/v2\/comments?post=9005"}],"version-history":[{"count":0,"href":"https:\/\/www.best-dentist-dentistry.com\/de\/wp-json\/wp\/v2\/posts\/9005\/revisions"}],"wp:attachment":[{"href":"https:\/\/www.best-dentist-dentistry.com\/de\/wp-json\/wp\/v2\/media?parent=9005"}],"wp:term":[{"taxonomy":"category","embeddable":true,"href":"https:\/\/www.best-dentist-dentistry.com\/de\/wp-json\/wp\/v2\/categories?post=9005"},{"taxonomy":"post_tag","embeddable":true,"href":"https:\/\/www.best-dentist-dentistry.com\/de\/wp-json\/wp\/v2\/tags?post=9005"}],"curies":[{"name":"wp","href":"https:\/\/api.w.org\/{rel}","templated":true}]}}