{"id":9050,"date":"2012-07-03T03:30:37","date_gmt":"2012-07-03T03:30:37","guid":{"rendered":null},"modified":"-0001-11-30T00:00:00","modified_gmt":"-0001-11-30T00:00:00","slug":"the-health-promotion-and-public-health-20-key-themes-during-the-day-i-of-public-health-in-torrevieja","status":"publish","type":"post","link":"https:\/\/www.best-dentist-dentistry.com\/de\/the-health-promotion-and-public-health-20-key-themes-during-the-day-i-of-public-health-in-torrevieja\/9050","title":{"rendered":"Die Gesundheitsf\u00f6rderung und Public Health 2.0, Schl\u00fcsselthemen im Laufe des Tages ich der \u00f6ffentlichen Gesundheit in Torrevieja."},"content":{"rendered":"<p><strong>Der Gesundheitsf\u00f6rderung und der \u00f6ffentlichen Gesundheit 2.0, Schl\u00fcsselthemen im Laufe des Tages ich der \u00f6ffentlichen Gesundheit in Torrevieja.<\/strong> <\/p>\n<p><font size=\"2\">-der Generaldirektor der Forschung und der \u00f6ffentlichen Gesundheit, Manuel Escolano er\u00f6ffnete den Tag in dem gesammelt haben zahlreiche Angeh\u00f6rige der Gesundheitsberufe zu lernen \u00fcber den Gesundheitszustand der Gegend und in dieser Hinsicht die Aktionslinien teilhaftig sein <\/p>\n<p>-Abteilung der Volksgesundheit entwickelt Lebensmittelkontrolle Sicherheit unter anderemArbeit und Umwelt, sowie andere Funktionen der Gesundheitserziehung und F\u00f6rderung <\/p>\n<p> <strong>Torrevieja, Juli 2012.-<\/strong> am vergangenen Mittwoch im Fachbereich Gesundheit von Torrevieja, von Bank Gesundheit und Asisa verwaltet und integriert in das \u00f6ffentliche Netz der Generalitat Valenciana, beherbergte die ich Konferenz der \u00f6ffentlichen Gesundheitin denen viele Angeh\u00f6rige der Gesundheitsberufe f\u00fcr detaillierte Status der Gesundheit der Bev\u00f6lkerung und die Gesundheit zitiert wurden bietet Abdeckung. <\/p>\n<p>Der Tag hat der Generaldirektor der Forschung und der \u00f6ffentlichen Gesundheit, Manuel Escolano, neben dem Leiter der Abteilung der Gesundheit von Torrevieja, Doktor Frank Leyn, dem Kommissar der Dr. Jos\u00e9 Flasche, eingeweiht worden und hat erf\u00fcllt, sowie Fachleute aus der Mitte, verschiedene Regisseuren der \u00f6ffentlichen Gesundheit der Provinz Alicante, sowie zu Kollegen aus anderen Abteilungen Gesundheit und verschiedenen Gesundheit R\u00e4te der Gemeinden, in denen der Bereich Gesundheit ist. <\/p>\n<p align=\"center\"><img loading=\"lazy\" decoding=\"async\" title=\"\" height=\"312\" alt=\"\" src=\"http:\/\/www.best-dentist-dentistry.com\/best-dentist-images\/translateapiexception-ip-is-over-the-quota-id3743v2jsontranslate847b3c4.jpg\" width=\"450\" align=\"baseline\" border=\"0\"\/><\/p>\n<p>El Centro de Salud P&uacute;blica Orihuela-Torrevieja, ha elaborado junto al departamento de salud de Torrevieja, un programa divulgativo dirigido a todos los profesionales sanitarios vinculados con el &aacute;mbito sanitario, as&iacute; como Directores o Responsables de diferentes &aacute;reas relacionadas con la salud, con el fin de aumentar la implicaci&oacute;n de todos ellos en la consecuci&oacute;n de los objetivos que al respecto se marcan desde la Conseller&iacute;a de Sanitat. <\/p>\n<p><strong>Str\u00e4nge Action, Gesundheit, F\u00f6rderung und Gesundheit 2.0<\/strong> <\/p>\n<p>Der Tag hatte vier Interventionen, sein, dass das erste an die Teilnehmer in die Aktionslinien im Gesundheitswesen eingegeben von der Fakult\u00e4t f\u00fcr Gesundheit, Papier von Manuel Escolano, Direktor der Forschung und der \u00f6ffentlichen Gesundheit. <\/p>\n<p>Nach seiner Darstellung hat der Direktor des Zentrums von Orihuela, Jose Cano, \u00f6ffentliche Gesundheit, die Kapazit\u00e4t der Halle der das Krankenhaus von Torrevieja, einer Karte \u00fcber den Zustand der Gesundheit von der Abteilung von Torrevieja sowie das vorhandene Steuerelement-Informationssystem und das Portfolio der Dienstleistungen im Bereich erkl\u00e4rt. Nachdem seine Schlussfolgerungen, brachte einen Vorschlag zur Verbesserung, die Teilnehmer alle Fachleute anwesend gemacht hat, unter Hinweis auf die strategischen Leitlinien zu beachten: die F\u00f6rderung und Bildung der Gesundheit, Verh\u00fctung von Krankheit, Ern\u00e4hrungssicherung, Besch\u00e4ftigung und Umweltschutz, sowie in der \u00f6ffentlichen Gesundheitsinformation und \u00dcberwachung derselben. <\/p>\n<p align=\"center\"><img loading=\"lazy\" decoding=\"async\" title=\"\" height=\"210\" alt=\"\" src=\"http:\/\/www.best-dentist-dentistry.com\/best-dentist-images\/translateapiexception-ip-is-over-the-quota-id3743v2jsontranslate847b3c4.jpg\" width=\"450\" align=\"baseline\" border=\"0\"\/><\/p>\n<p>En relaci&oacute;n con la salud p&uacute;blica 2.0&#8221;, el Subdirector General de Salud P&uacute;blica, El&iacute;as Ruiz, ha hecho menci&oacute;n de los contenidos y modos en los que los profesionales y pacientes pueden acceder a informaci&oacute;n sobre salud y prevenci&oacute;n de la enfermedad consultando los portales Web que la Direcci&oacute;n General de Salud P&uacute;blica pone a nuestra disposici&oacute;nals Portal Cuidate CV oder mehrere soziale Netzwerke, institutioneller Natur sind, f\u00fcr diesen Zweck als Facebook-Seite Twitter oder Blog-Portal. <\/p>\n<p>Nach seiner Rede, der Direktor der medizinischen Grundversorgung, Hip\u00f3lito Caro, der Regionalplan die Gesundheitsf\u00f6rderung hat seit Anfang des Jahres Abteilung von Torrevieja durchgef\u00fchrten, Hervorhebung der Bedeutung gesunde Lebensgewohnheiten in unserer Bev\u00f6lkerung zu verbreiten. <\/p>\n<p>Schlie\u00dflich hat der Leiter der Abteilung, Dr. Frank Leyn, die gehaltenen Tabelle Diskussion moderiert, in der alle Teilnehmer konnten durchf\u00fchren oder setzen ihre Gedanken und Zweifel. <\/p>\n<p><strong>Ma\u00dfnahmen im Bereich der \u00f6ffentlichen Gesundheit<\/strong> <\/p>\n<p>Letztes Jahr gab es mehr als 300 Auff\u00fchrungen im Bereich der Gesundheitsf\u00f6rderung darauf abzielen, den verschiedenen Gemeinden der Gegend von Torrevieja, meist konzentriert sich auf Bildung im Gesundheitswesen unter Kindern im prim\u00e4ren, sekund\u00e4ren, Bev\u00f6lkerung und Stadtr\u00e4te &#8211; unter anderem. <\/p>\n<p>Die \u00dcberpr\u00fcfung der Gesundheit mehr als 4.700 Lebensmittelunternehmen wurde, und eine Kontrolle durchgef\u00fchrt hat und \u00dcberwachung spezifische Krankheiten sexuell \u00fcbertragen, Hepatitis und Tuberkulose sowie Krankheiten professionelle Art. <\/p>\n<p>Geben Sie eine andere Ordnung der Dinge, werden auch regelm\u00e4\u00dfig innerhalb der Bev\u00f6lkerung verfolgt  Diana &#8221; in den F\u00e4llen, in denen die Anwendung bestimmte Impfungen oder Teilnahme an Krebs-Pr\u00e4ventionsprogramme erforderlich ist. <\/p>\n<p><\/font><\/p>\n","protected":false},"excerpt":{"rendered":"<p>Der Gesundheitsf\u00f6rderung und der \u00f6ffentlichen Gesundheit 2.0, Schl\u00fcsselthemen im Laufe des Tages ich der \u00f6ffentlichen Gesundheit in Torrevieja. -der Generaldirektor der Forschung und der \u00f6ffentlichen Gesundheit, Manuel Escolano er\u00f6ffnete den Tag in dem gesammelt haben zahlreiche Angeh\u00f6rige der Gesundheitsberufe zu lernen \u00fcber den Gesundheitszustand der Gegend und in dieser Hinsicht die Aktionslinien teilhaftig sein -Abteilung [&hellip;]<\/p>\n","protected":false},"author":1,"featured_media":0,"comment_status":"close","ping_status":"open","sticky":false,"template":"","format":"standard","meta":{"footnotes":""},"categories":[3],"tags":[19887,19886,19888],"class_list":["post-9050","post","type-post","status-publish","format-standard","hentry","category-allgemeine","tag-gesundheitsfrderung","tag-osteopath","tag-schlsselthemen","et-doesnt-have-format-content","et_post_format-et-post-format-standard"],"_links":{"self":[{"href":"https:\/\/www.best-dentist-dentistry.com\/de\/wp-json\/wp\/v2\/posts\/9050","targetHints":{"allow":["GET"]}}],"collection":[{"href":"https:\/\/www.best-dentist-dentistry.com\/de\/wp-json\/wp\/v2\/posts"}],"about":[{"href":"https:\/\/www.best-dentist-dentistry.com\/de\/wp-json\/wp\/v2\/types\/post"}],"author":[{"embeddable":true,"href":"https:\/\/www.best-dentist-dentistry.com\/de\/wp-json\/wp\/v2\/users\/1"}],"replies":[{"embeddable":true,"href":"https:\/\/www.best-dentist-dentistry.com\/de\/wp-json\/wp\/v2\/comments?post=9050"}],"version-history":[{"count":0,"href":"https:\/\/www.best-dentist-dentistry.com\/de\/wp-json\/wp\/v2\/posts\/9050\/revisions"}],"wp:attachment":[{"href":"https:\/\/www.best-dentist-dentistry.com\/de\/wp-json\/wp\/v2\/media?parent=9050"}],"wp:term":[{"taxonomy":"category","embeddable":true,"href":"https:\/\/www.best-dentist-dentistry.com\/de\/wp-json\/wp\/v2\/categories?post=9050"},{"taxonomy":"post_tag","embeddable":true,"href":"https:\/\/www.best-dentist-dentistry.com\/de\/wp-json\/wp\/v2\/tags?post=9050"}],"curies":[{"name":"wp","href":"https:\/\/api.w.org\/{rel}","templated":true}]}}