{"id":9070,"date":"2012-07-04T02:27:28","date_gmt":"2012-07-04T02:27:28","guid":{"rendered":null},"modified":"-0001-11-30T00:00:00","modified_gmt":"-0001-11-30T00:00:00","slug":"black-cherry-defends-the-package-of-reforms-that-rajoy-by-conviction-in-catalonia","status":"publish","type":"post","link":"https:\/\/www.best-dentist-dentistry.com\/de\/black-cherry-defends-the-package-of-reforms-that-rajoy-by-conviction-in-catalonia\/9070","title":{"rendered":"Black Cherry verteidigt dem Paket von Reformen, dass Rajoy &#8220;aus \u00dcberzeugung&#8221; in Katalonien"},"content":{"rendered":"<p class=\"first\"> er gesteht, dass vor <span class=\"yshortcuts\" id=\"lw_1334160947_0\"> ein paar Monaten<\/span> weniger pessimistisch und prognostiziert Wachstum positiv im Jahr 2013<\/p>\n<p><span class=\"yshortcuts\" id=\"lw_1334160947_1\"> BARCELONA<\/span>, 11 (<span class=\"yshortcuts\" id=\"lw_1334160947_2\"> EUROPA PRESS<\/span>)<\/p>\n<p>Die <span class=\"yshortcuts\" id=\"lw_1334160947_3\"> Minister der Wirtschaft<\/span> und die Wettbewerbsf\u00e4higkeit, Luis Guindos, hat Mittwoch das Paket von Reformen, die die Regierung durchgef\u00fchrt hat und hat daf\u00fcr gesorgt, dass die Reformen und die Budgets sie machte verteidigt &#8220;durch eigene \u00dcberzeugung und nicht durch Druck der M\u00e4rkte oder weil es aus auferlegt wurde au\u00dferhalb&#8221;.<\/p>\n<p>In ein Almuerzo-Coloquio in Fomento del Trabajo, hat De Guindos wiederholte, dass Spanien brauchen eine Reform des Gesundheits- und Bildungswesens auf ihre Nachhaltigkeit auf lange Sicht zu gew\u00e4hrleisten, so dass es den Schnitt von 10 Milliarden Euro verteidigt hat, die die Regierung am Montag in einer Pressemitteilung angek\u00fcndigt.<\/p>\n<p>Hat versichert, dass alle Reformen, einschlie\u00dflich der Gesundheits- und Bildungswesen, Teil einer Roadmap der Exekutive und nicht &#8220;\u00fcberhaupt, durch Auferlegung&#8221;, tun obwohl er zugegeben hat, dass &#8220;Sie um Mitteilung vers\u00e4umt haben k\u00f6nnen&#8221;.<\/p>\n<p>Nach De Guindos, die einzige alternative eine universelle Qualit\u00e4t und nachhaltige \u00f6ffentliche Gesundheit ist &#8220;den Prozess der Rationalisierung voraus&#8221;, denn wenn nicht gesichert hat, es ein unausf\u00fchrbar System ist.<\/p>\n<p>&#8220;Was wir bisher hatten war sehr schwierig, in der Zukunft pflegen.&#8221; &#8220;Wenn wir qualitativ hochwertige \u00f6ffentliche Dienste wollen, brauchen wir Reformen machen&#8221;, wurde hinzugef\u00fcgt.<\/p>\n<p>&#8220;Die Hauptfeinde der \u00f6ffentlichen System von Dienstleistungen sind die, die sich weigern zu Reformen,&#8221; besiedelt.<\/p>\n<p>Verteidigung der Arbeitsreform<\/p>\n<p>Der Wirtschaftsminister hat auch die Reform der Arbeit, verteidigt und bietet Anreize f\u00fcr Arbeitgeber verwendet, um die Schaffung von Arbeitspl\u00e4tzen, da festgestellt wurde, dass der Staat nicht tun kann, zur\u00fcck.<\/p>\n<p>&#8220;Haben nie, in den letzten Jahrzehnten so viele M\u00f6glichkeiten zur Schaffung von Arbeitspl\u00e4tzen gegeben.&#8221; &#8220;Sie haben nutzen sie und verwenden sie&#8221;, sagte vor hundert Pers\u00f6nlichkeiten der katalanischen Wirtschaft.<\/p>\n<p>Unter den Anwesenden zu den Mittagessen inklusive der Pr\u00e4sident der Bauarbeiten, Joaquim Montella Gay; Director general von La Caixa, Juan Mar\u00eda Nin, Pr\u00e4sident des Abertis, Salvador Alemany, Barcelona Stock Exchange Pr\u00e4sidenten, Joan Hortal\u00e0 und der Pr\u00e4sident von der spanischen Association des Directors (AED), Ramon Adell.<\/p>\n<p>Besuchte sie auch politische Pers\u00f6nlichkeiten als Minister f\u00fcr Wirtschaft und wissen, Andreu Mas-Colell, Pr\u00e4sident des katalanischen, PP Alicia S\u00e1nchez-Camacho, und der Delegat-Special des Staates in das Consorcio De La Zona Franca, Jordi Cornet.<\/p>\n<p>Weniger PESSIMISTISCH<\/p>\n<p>De Guindos sagte, die Regierung h\u00e4lt das prognostizierte negative Wachstum von 1,7 Prozent des BIP f\u00fcr dieses Jahr, aber wurde optimistischer, dass ein paar Monate zur\u00fcck.<\/p>\n<p>&#8220;Vor ein paar Monaten, die wir gehofft hatten, dass im erste Quartal dieses Jahres w\u00e4re eher negativ gewesen, aber der Eindruck, den wir jetzt haben nicht der Fall ist.&#8221; \u00abWird zweifellos weiterhin die Zerst\u00f6rung der Besch\u00e4ftigung, aber nicht weiterhin die intensive Beschleunigung, wir seit Mitte letzten Jahres Leben,\u00bb argumentierte.<\/p>\n<p>Darauf hingewiesen, dass es anf\u00e4ngt, eine Stabilisierung des Schadens in Spanien, zu sehen, die im kommenden Jahr &#8220;etwas positives Rekordwachstum&#8221; erm\u00f6glichen wird.<\/p>\n<p>&#8220;Reformen, fr\u00fcher als sp\u00e4ter, seine Wirkungen machen.&#8221; &#8220;Ich bin \u00fcberzeugt, dass es zu beenden, wird die Sonne&#8221;, abgeschlossen wurde.<\/p>\n","protected":false},"excerpt":{"rendered":"<p>er gesteht, dass vor ein paar Monaten weniger pessimistisch und prognostiziert Wachstum positiv im Jahr 2013 BARCELONA, 11 ( EUROPA PRESS) Die Minister der Wirtschaft und die Wettbewerbsf\u00e4higkeit, Luis Guindos, hat Mittwoch das Paket von Reformen, die die Regierung durchgef\u00fchrt hat und hat daf\u00fcr gesorgt, dass die Reformen und die Budgets sie machte verteidigt &#8220;durch [&hellip;]<\/p>\n","protected":false},"author":1,"featured_media":0,"comment_status":"close","ping_status":"open","sticky":false,"template":"","format":"standard","meta":{"footnotes":""},"categories":[3],"tags":[19930],"class_list":["post-9070","post","type-post","status-publish","format-standard","hentry","category-allgemeine","tag-machbar","et-doesnt-have-format-content","et_post_format-et-post-format-standard"],"_links":{"self":[{"href":"https:\/\/www.best-dentist-dentistry.com\/de\/wp-json\/wp\/v2\/posts\/9070","targetHints":{"allow":["GET"]}}],"collection":[{"href":"https:\/\/www.best-dentist-dentistry.com\/de\/wp-json\/wp\/v2\/posts"}],"about":[{"href":"https:\/\/www.best-dentist-dentistry.com\/de\/wp-json\/wp\/v2\/types\/post"}],"author":[{"embeddable":true,"href":"https:\/\/www.best-dentist-dentistry.com\/de\/wp-json\/wp\/v2\/users\/1"}],"replies":[{"embeddable":true,"href":"https:\/\/www.best-dentist-dentistry.com\/de\/wp-json\/wp\/v2\/comments?post=9070"}],"version-history":[{"count":0,"href":"https:\/\/www.best-dentist-dentistry.com\/de\/wp-json\/wp\/v2\/posts\/9070\/revisions"}],"wp:attachment":[{"href":"https:\/\/www.best-dentist-dentistry.com\/de\/wp-json\/wp\/v2\/media?parent=9070"}],"wp:term":[{"taxonomy":"category","embeddable":true,"href":"https:\/\/www.best-dentist-dentistry.com\/de\/wp-json\/wp\/v2\/categories?post=9070"},{"taxonomy":"post_tag","embeddable":true,"href":"https:\/\/www.best-dentist-dentistry.com\/de\/wp-json\/wp\/v2\/tags?post=9070"}],"curies":[{"name":"wp","href":"https:\/\/api.w.org\/{rel}","templated":true}]}}