{"id":9218,"date":"2012-07-06T02:41:46","date_gmt":"2012-07-06T02:41:46","guid":{"rendered":null},"modified":"-0001-11-30T00:00:00","modified_gmt":"-0001-11-30T00:00:00","slug":"vera-says-that-it-works-with-professionals-to-close-organizational-aspects-of-the-new-health-care-model","status":"publish","type":"post","link":"https:\/\/www.best-dentist-dentistry.com\/de\/vera-says-that-it-works-with-professionals-to-close-organizational-aspects-of-the-new-health-care-model\/9218","title":{"rendered":"Vera sagt, dass es mit Profis funktioniert &#8220;organisatorische Aspekte schlie\u00dfen&#8221; des neuen Gesundheitswesen"},"content":{"rendered":"<p class=\"first\"> Gruppen, &#8220;das Argument des Obskurantismus verlassen&#8221; auf das <span class=\"yshortcuts\" id=\"lw_1337707596_1\"> neue Modell<\/span> Fragen, denn &#8220;Zusammenhalt bem\u00fcht hat&#8221;<\/p>\n<p>PAMPLONA, 22 (EUROPA PRESS)<\/p>\n<p>Der Minister der <span class=\"yshortcuts\" id=\"lw_1337707596_3\"> Gesundheit der Regierung von Navarra<\/span>, <span class=\"yshortcuts\" id=\"lw_1337707596_7\"> Marta, Vera<\/span>, wies darauf hin, dass die &#8220;Essenz&#8221; des neuen Pflege &#8220;die Beteiligung der Fachkreise&#8221; und daf\u00fcr gesorgt hat, dass seine Abteilung arbeitet, um &#8220;versuchen, sie im Hinblick auf die technische und organisatorische Aspekte zu schlie\u00dfen&#8221;.<\/p>\n<p>Und Vera hat darauf hingewiesen, im parlamentarischen Ausschuss, auf seinen eigenen Wunsch und Bildu, die auf das neue Pflege-Modell, entwickelt von der <span class=\"yshortcuts\" id=\"lw_1337707596_0\"> Abteilung Gesundheit<\/span>, auf der Grundlage &#8220;auf zwei Grundprinzipien: pflegen unsere \u00f6ffentlichen Gesundheitssystems und deren <span class=\"yshortcuts\"id=\"lw_1337707596_6\"> Nachhaltigkeit<\/span> f\u00fcr k\u00fcnftige Generationen zu gew\u00e4hrleisten&#8221;.<\/p>\n<p>Der <span class=\"yshortcuts\" id=\"lw_1337707596_4\"> Berater<\/span> erkl\u00e4rt, dass seit der Einf\u00fchrung des neuen Pflege-Modells in einer Pressekonferenz, getroffen hat mit Vertretern der \u00c4rzte des College of Krankenpflege Coll\u00e8ge de Navarre, sowie mit einer Gruppe von B\u00fcrgermeistern aus der Gegend von Pamplona und Region mit diesem Thema besch\u00e4ftigen und &#8220;h\u00f6ren ihre Beitr\u00e4ge&#8221;.<\/p>\n<p>Plant auch mit B\u00fcrgermeister von anderen Bereichen, sowie mit Mitgliedern des Kollegiums der Pharmazie, Verb\u00e4nde von Patienten und Zentren und Unternehmen in der Region unter anderem decken.<\/p>\n<p>Der Berater erneut vor seiner \u00f6ffentlichen Pr\u00e4sentation &#8220;bereits bei zahlreichen Gelegenheiten mit vielf\u00e4ltigen Gruppen getroffen hatte&#8221; hervorgehoben &#8220;Dies ist keine marketing-Kampagne, sondern eine \u00dcbung der Transparenz und Verantwortung gegen\u00fcber den B\u00fcrgern und eine wesentliche Voraussetzung, dass man in das Ziel erfolgreich zu sein, dass das neue Modell der Pflege eine Realit\u00e4t ist,&#8221;.<\/p>\n<p>Als auch, und nach einer Erkl\u00e4rung im Detail alle von den Treffen von Mitgliedern seiner Abteilung mit verschiedenen Agenten, Vera hat gebeten die <span class=\"yshortcuts\" id=\"lw_1337707596_2\"> Fraktionen<\/span>, weil &#8220;wir den Zusammenhalt und die Beitr\u00e4ge unserer Fachleute gesucht haben&#8221; model &#8220;sie verlassen das Argument des Obskurantismus&#8221; in Drehbank, die neue Pflege.<\/p>\n<p>In diesem Sinne &#8220;unpassend&#8221; gefunden einige Fraktionen, ihn zu beschuldigen &#8220;Obskurantismus und des Habens der Plan geschlossen ohne irgendeine M\u00f6glichkeit der Dialog oder Aussprache, und uns nicht give kritisieren spezifische Details wie Computern werden dauerhaft werden geschlossen oder wie es funktioniert, verschiedene Punkte der Aktion&#8221;.<\/p>\n<p>&#8220;Extrem schwierig&#8221; Lage<\/p>\n<p>Der Gesundheitsminister hat betont, dass &#8220;wir in einer sehr schwierigen Situation Leben&#8221; und dass es &#8220;sicher&#8221;, dass ist das \u00f6ffentliche <span class=\"yshortcuts\" id=\"lw_1337707596_5\"> Gesundheitssystem<\/span> &#8220;ernstlich bedroht&#8221;, dass seiner Meinung nach &#8220;der beste Weg, um nicht zu sagen die einzige Wette in einer Weise, die durch das System entschieden ist seine Nachhaltigkeit und seine Schutzma\u00dfnahmen sicherzustellen&#8221;.<\/p>\n<p>Ansicht von Vera, &#8220;Wir sollten versuchen, um einen Prozess des Wandels ohne die Dringlichkeit oder der Erstickung zu drastischeren Ma\u00dfnahmen bewirken k\u00f6nnen und, die sie betreffen nur kurzfristig&#8221; und hat argumentiert, dass &#8220;der beste Weg, um dringende oder willk\u00fcrliche Ma\u00dfnahmen zu vermeiden ist, gehen zu einer Revision des Modells der Sorgfalt, die wir gezahlt haben&#8221;.<\/p>\n<p>&#8220;Die L\u00f6sung f\u00fcr das Problem der Nachhaltigkeit des Gesundheitswesens umfa\u00dft eine ordnungsgem\u00e4\u00dfe Verwendung der Ressourcen aller Beteiligten, eine Tiefe und strukturelle Ver\u00e4nderung Auswirkungen auf das gesamte Modell und eine neue Orientierung, mutig und entschlossen, die Antworten auf die aktuellen Bed\u00fcrfnisse der Bev\u00f6lkerung und der Gesellschaft&#8221;, sagte er.<\/p>\n<p>, Hat sich entschieden, das paternalistische Modell der vorherrschende Pflege in den letzten Jahren, die ein hohes Ma\u00df an Gesundheit und Medikalisierung Konsumismus generiert hat zu &#8220;\u00fcberwinden&#8221; &#8220;gemacht hat B\u00fcrger das Gesundheitssystem selbst \u00fcberm\u00e4\u00dfig abh\u00e4ngig&#8221;.<\/p>\n<p>Nach der Berater erkl\u00e4rt, am Ende des Jahres erwartet ist, &#8220;um die \u00c4nderungen in das neue Modell besser zu erkl\u00e4ren&#8221;, die Abteilung durchgef\u00fchrt, eine Information f\u00fcr alle B\u00fcrgerinnen und B\u00fcrger-Kampagne, dass &#8220;sie nicht den geringsten Zweifel haben, welche Zeit Ihr Gesundheitszentrum wird oder was im Notfall zu tun&#8221;.<\/p>\n<p>BILDU, BASKISCHE und -E kritisieren das neue Modell<\/p>\n<p>Auf die Verschiebung der Fraktionen, Bakartxo Ruiz de Bildu, bem\u00e4ngelte das Gesundheitsministerium &#8220;ist die \u00f6ffentliche und offene Debatte \u00fcber das neue Pflege-Modell verhindern&#8221;, und dies, hat gesagt, ist &#8220;mangelnde Transparenz&#8221;. Seiner Meinung nach die Abteilung &#8220;verwenden die Strategie der Wasserscheide und erobern&#8221; und kritisiert in dem neuen Modell &#8220;nicht nur der Reorganisation, sondern auch K\u00fcrzungen reden&#8221;.<\/p>\n<p>Von UPN, hat Antonio P\u00e9rez Wiesen gew\u00fcnscht &#8220;das gr\u00f6\u00dfte und beste Erfolg f\u00fcr das neue Gesundheits-Modell sehr ehrgeizig und notwendig f\u00fcr die Nachhaltigkeit des Systems&#8221; und hob hervor, dass &#8220;keine Behauptungen \u00fcber Obskurantismus und mangelnde Transparenz f\u00e4llt unter seinem eigenen Gewicht nach den Ratgeber-Anweisungen&#8221;.<\/p>\n<p>Aus den Reihen der PSN, Mari Carmen Ochoa wurde fragte der Berater &#8220;welche Meinungen auf diesem neuen Modell an den Sitzungen erhalten habe&#8221;, da &#8220;das Ende aller Fachleute sehen ihre Arbeit ge\u00e4ndert&#8221;. Dar\u00fcber hinaus wurde es als &#8220;Grundrechte&#8221;, die eine Kampagne &#8220;klar&#8221; B\u00fcrgerschaft wird &#8220;zweifellos zu diesem neuen Modell haben nicht&#8221;.<\/p>\n<p>Im Namen Nafarroa Bai, Asun Fern\u00e1ndez Garaialde sagte zu f\u00fchlen &#8220;\u00fcberw\u00e4ltigt&#8221; von den Angaben der Berater weil &#8220;wir bereits gelesen hatte, dass heute uns hier seit einiger Zeit gesagt hat&#8221;. Er bemerkte, dass der Berater &#8220;anderes Konzept welche Beteiligung&#8221; und hat das neue Pflege-Modell als &#8220;eine Erkl\u00e4rung der Absichten&#8221; definiert.<\/p>\n<p>Durch die PPN, Enrique Mart\u00edn de Marcos sagte auch, dass &#8220;\u00fcberrascht&#8221;, dass die Gruppen, die durch die Kommission gegangen sind &#8220;Sie \u00fcber mangelnde Information, nach der Besprechungen, die mit der Abteilung stattgefunden haben beschwert haben&#8221;. Hat auch betont, dass seine Fraktion begr\u00fc\u00dft &#8220;&#8221; das neue Modell der Pflege, &#8220;sehr ehrgeizig und darauf ausgerichtet, die Nachhaltigkeit des Systems&#8221;.<\/p>\n<p>Letztlich Marisa Simon, der Links-Ezkerra, f\u00fcr ein &#8220;universal, gerechte, zug\u00e4nglich und unterst\u00fctzende&#8221; Gesundheitssystem hat sich entschieden und hat als &#8220;Nachhaltigkeit \u00fcber Steuern gew\u00e4hrleistet werden sollte&#8221;. Es wurde betrachtet, die dieser Reorganisation, &#8220;ohne eine ausreichende Voruntersuchung durchgef\u00fchrt, Abnahme die Qualit\u00e4t der Versorgung&#8221;.<\/p>\n<p>(EUROPA PRESS von Navarra)<\/p>\n<p>NA SAN 20120522191157 GUR<\/p>\n","protected":false},"excerpt":{"rendered":"<p>Gruppen, &#8220;das Argument des Obskurantismus verlassen&#8221; auf das neue Modell Fragen, denn &#8220;Zusammenhalt bem\u00fcht hat&#8221; PAMPLONA, 22 (EUROPA PRESS) Der Minister der Gesundheit der Regierung von Navarra, Marta, Vera, wies darauf hin, dass die &#8220;Essenz&#8221; des neuen Pflege &#8220;die Beteiligung der Fachkreise&#8221; und daf\u00fcr gesorgt hat, dass seine Abteilung arbeitet, um &#8220;versuchen, sie im Hinblick [&hellip;]<\/p>\n","protected":false},"author":1,"featured_media":0,"comment_status":"close","ping_status":"open","sticky":false,"template":"","format":"standard","meta":{"footnotes":""},"categories":[3],"tags":[20059],"class_list":["post-9218","post","type-post","status-publish","format-standard","hentry","category-allgemeine","tag-gestorben","et-doesnt-have-format-content","et_post_format-et-post-format-standard"],"_links":{"self":[{"href":"https:\/\/www.best-dentist-dentistry.com\/de\/wp-json\/wp\/v2\/posts\/9218","targetHints":{"allow":["GET"]}}],"collection":[{"href":"https:\/\/www.best-dentist-dentistry.com\/de\/wp-json\/wp\/v2\/posts"}],"about":[{"href":"https:\/\/www.best-dentist-dentistry.com\/de\/wp-json\/wp\/v2\/types\/post"}],"author":[{"embeddable":true,"href":"https:\/\/www.best-dentist-dentistry.com\/de\/wp-json\/wp\/v2\/users\/1"}],"replies":[{"embeddable":true,"href":"https:\/\/www.best-dentist-dentistry.com\/de\/wp-json\/wp\/v2\/comments?post=9218"}],"version-history":[{"count":0,"href":"https:\/\/www.best-dentist-dentistry.com\/de\/wp-json\/wp\/v2\/posts\/9218\/revisions"}],"wp:attachment":[{"href":"https:\/\/www.best-dentist-dentistry.com\/de\/wp-json\/wp\/v2\/media?parent=9218"}],"wp:term":[{"taxonomy":"category","embeddable":true,"href":"https:\/\/www.best-dentist-dentistry.com\/de\/wp-json\/wp\/v2\/categories?post=9218"},{"taxonomy":"post_tag","embeddable":true,"href":"https:\/\/www.best-dentist-dentistry.com\/de\/wp-json\/wp\/v2\/tags?post=9218"}],"curies":[{"name":"wp","href":"https:\/\/api.w.org\/{rel}","templated":true}]}}