{"id":9274,"date":"2012-07-06T02:51:31","date_gmt":"2012-07-06T02:51:31","guid":{"rendered":null},"modified":"-0001-11-30T00:00:00","modified_gmt":"-0001-11-30T00:00:00","slug":"the-right-to-the-land-and-the-culture-turns-the-indigenous-village-of-the-river-more-20","status":"publish","type":"post","link":"https:\/\/www.best-dentist-dentistry.com\/de\/the-right-to-the-land-and-the-culture-turns-the-indigenous-village-of-the-river-more-20\/9274","title":{"rendered":"Das Recht auf das Land und die Kultur das indigene Dorf des Flusses schaltet weitere 20"},"content":{"rendered":"<p class=\"first\"> 15 jun (EFE) in Rio De Janeiro.-das Recht auf land und den Respekt zu Kultur Caldean Diskussionen der indigenen V\u00f6lker der halben Welt versammelt am Rande von Rio De Janeiro die Aufmerksamkeit der Herrscher w\u00e4hrend der Konferenz der Vereinten Nationen f\u00fcr nachhaltige Entwicklung Rio + 20.<\/p>\n<p>Indianer aus mehreren L\u00e4ndern Amerikas, Asiens und Afrikas werden gehostet von Dienstag in einem Dorf gebaut, der selbst in einer Dschungel-Region von Rio, wo sie ihre Assemblys und diskutiert ein Dokument mit Forderungen, die an die UNO in den n\u00e4chsten Tagen geliefert wird.<\/p>\n<p>Brasilianische indigene F\u00fchrer Marcos Terena erkl\u00e4rt, dass das Dokument noch in der Diskussion, einen &#8220;besonderen&#8221; Agenda der \u00fcblich, alle Forderungen der Ureinwohner, sondern befasst sich haupts\u00e4chlich mit dem Recht auf dem Gebiet und seine kulturelle Bedeutung.<\/p>\n<p>&#8220;Wo indigene, enden die Kultur einfach entfernen die Erde&#8221;. &#8220;Landlose indische nicht \u00fcberleben&#8221;, Terena in Anweisungen zu Efe synthetisiert.<\/p>\n<p>Francisco Guarani Mby\u00e1 Guaran\u00ed Chief erz\u00e4hlte EfE, die Streitigkeiten \u00fcber Land mindestens 70 Morde der Indianer in den letzten Jahren im Grenzgebiet zwischen Brasilien und Paraguay, eine bl\u00fchende landwirtschaftliche Region wo Landbesitzer verursacht haben &#8220;f\u00fchlen sich Eigent\u00fcmer&#8221; der Ureinwohner Gebiete.<\/p>\n<p>&#8220;Es gibt derzeit ein sehr gewaltsame T\u00f6tungen Prozess.&#8221; &#8220;Die landwirtschaftlichen Betrieb ist sehr stark, dann Konflikte auftreten st\u00e4ndig,&#8221; klagte den Guaran\u00ed-F\u00fchrer.<\/p>\n<p>Chief Pataxo Hektar Hektar Hektar Thyerry Iatso Bay (\u00f6stlich von Brasilien), erkl\u00e4rt, Efe, dass Indianer nicht den wirtschaftlichen Wert der landwirtschaftlichen Fl\u00e4chen interessiert waren und nur suchen Subsistenz.<\/p>\n<p>&#8220;Indianer haben die Erde als Muttererde, nicht um Hegemonie oder eine gro\u00dfe Hauptstadt haben.&#8221; &#8220;Die Bedeutung von Land zu leben, zum Erhalt der Umwelt, es sauber zu halten, haben gute Wasserqualit\u00e4t der Fl\u00fcsse Pflanzung und sammeln und entfernen daher die Existenz unseres Volkes&#8221;, sagte.<\/p>\n<p>Einige Indianer zeigte in seiner ersten Versammlungen in Rio, ihren Widerstand gegen die so genannte &#8220;gr\u00fcne Wirtschaft&#8221;, eines der Themen in der Rio + 20, aus Angst, dass dies zu einer &#8220;Privatisierung des Waldes&#8221; f\u00fchren w\u00fcrde.<\/p>\n<p>Inder fordern Schutz vor mineralgewinnenden Aktivit\u00e4ten, die V\u00f6lker der verschiedenen Regionen, aus dem Amazonas auf den Philippinen bedrohen.<\/p>\n<p>Indien Igorot Marifel Macalanda EfE sagte, dass die V\u00f6lker der Philippinischen Kordilleren Region mit der Aktion der Bergleute in ihren Regionen t\u00e4tig &#8220;nehmen alle Ressourcen ohne etwas f\u00fcr die Indianer&#8221;, Leiden in Projekten, die in der Regel ohne vorherige Abstimmung genehmigt werden.<\/p>\n<p>Inder Diskussionen verl\u00e4ngert bis zum Wochenende, wenn eine Delegation wird verschoben, das Riocentro Kongresszentrum, Hauptquartier der Rio + 20, kommunizieren ihre Forderungen innerhalb einer Dialogkonferenz, organisiert von der UNO vor dem Gipfel der Staats-, die 20-22 Oktober stattfinden wird.<\/p>\n<p>Sitzungen erfolgen in der sogenannten &#8220;H\u00fctte der Weisheit&#8221;, einem gro\u00dfen Zelt Plane und Bambus mit konische Struktur, befindet sich in der Mitte des Dorfes Kari-Oca, wo in diesen Tagen Hunderte von Indianern liegen.<\/p>\n<p>Dorf, das eine Fl\u00e4che von Urwald in einer bergigen Region etwa f\u00fcnf Kilometer von der Rio + 20 Kongresszentrum einnimmt, ist ein Schaufenster der Vielfalt und den Reichtum der indigenen Kulturen geworden.<\/p>\n<p>Parallel zu den Debatten, die Indianer traf eine intensive Agenda der traditionellen Sport, kulturelle und geistige Aktivit\u00e4ten.<\/p>\n<p>Die meisten Indianer lagerten in Rio sind Brasilien, aber die Organisatoren hoffen, dass andere V\u00f6lker der Nachbarl\u00e4nder zu erreichen, die logistische Probleme bis zum 22. Tag vor.<\/p>\n<p>Manuel P\u00e9rez Bella<\/p>\n<p>A Xavante Indian geht nach dem Plenum zun\u00e4chst gemacht von indigenen V\u00f6lkern aus verschiedenen Teilen der Welt in das Dorf Kari-Oca, die Vorschl\u00e4ge zu diskutieren, die auf pr\u00e4sentiert werden die der UN-RIO-Konferenz, die in der Stadt Rio De Janeiro (Brasilien) stattfindet. EFE<\/p>\n","protected":false},"excerpt":{"rendered":"<p>15 jun (EFE) in Rio De Janeiro.-das Recht auf land und den Respekt zu Kultur Caldean Diskussionen der indigenen V\u00f6lker der halben Welt versammelt am Rande von Rio De Janeiro die Aufmerksamkeit der Herrscher w\u00e4hrend der Konferenz der Vereinten Nationen f\u00fcr nachhaltige Entwicklung Rio + 20. Indianer aus mehreren L\u00e4ndern Amerikas, Asiens und Afrikas werden [&hellip;]<\/p>\n","protected":false},"author":1,"featured_media":0,"comment_status":"close","ping_status":"open","sticky":false,"template":"","format":"standard","meta":{"footnotes":""},"categories":[3],"tags":[20115,20116],"class_list":["post-9274","post","type-post","status-publish","format-standard","hentry","category-allgemeine","tag-flusses","tag-schaltet","et-doesnt-have-format-content","et_post_format-et-post-format-standard"],"_links":{"self":[{"href":"https:\/\/www.best-dentist-dentistry.com\/de\/wp-json\/wp\/v2\/posts\/9274","targetHints":{"allow":["GET"]}}],"collection":[{"href":"https:\/\/www.best-dentist-dentistry.com\/de\/wp-json\/wp\/v2\/posts"}],"about":[{"href":"https:\/\/www.best-dentist-dentistry.com\/de\/wp-json\/wp\/v2\/types\/post"}],"author":[{"embeddable":true,"href":"https:\/\/www.best-dentist-dentistry.com\/de\/wp-json\/wp\/v2\/users\/1"}],"replies":[{"embeddable":true,"href":"https:\/\/www.best-dentist-dentistry.com\/de\/wp-json\/wp\/v2\/comments?post=9274"}],"version-history":[{"count":0,"href":"https:\/\/www.best-dentist-dentistry.com\/de\/wp-json\/wp\/v2\/posts\/9274\/revisions"}],"wp:attachment":[{"href":"https:\/\/www.best-dentist-dentistry.com\/de\/wp-json\/wp\/v2\/media?parent=9274"}],"wp:term":[{"taxonomy":"category","embeddable":true,"href":"https:\/\/www.best-dentist-dentistry.com\/de\/wp-json\/wp\/v2\/categories?post=9274"},{"taxonomy":"post_tag","embeddable":true,"href":"https:\/\/www.best-dentist-dentistry.com\/de\/wp-json\/wp\/v2\/tags?post=9274"}],"curies":[{"name":"wp","href":"https:\/\/api.w.org\/{rel}","templated":true}]}}