{"id":9310,"date":"2012-07-07T02:24:20","date_gmt":"2012-07-07T02:24:20","guid":{"rendered":null},"modified":"-0001-11-30T00:00:00","modified_gmt":"-0001-11-30T00:00:00","slug":"argentina-chair-for-two-years-the-latin-american-conference-of-the-fao","status":"publish","type":"post","link":"https:\/\/www.best-dentist-dentistry.com\/de\/argentina-chair-for-two-years-the-latin-american-conference-of-the-fao\/9310","title":{"rendered":"argentina chair for two years the latin american conference of the fao"},"content":{"rendered":"<p class=\"first\"> Buenos Aires, 30 M\u00e4r (EFE).-Argentinien wird den Vorsitz in den n\u00e4chsten zwei Jahren die Regional Conference von Lateinamerika und die Karibik von der UN-Organisation f\u00fcr Landwirtschaft und Ern\u00e4hrung (FAO) best\u00e4tigte heute EfE Quellen der Organisation.<\/p>\n<p>Die Wahl von Argentinien an die Regionalkonferenz Stuhl wurde vom Generaldirektor der FAO, Jos\u00e9 Graziano Da Silva, im Rahmen einer Sitzung der Minister of Agriculture von Lateinamerika und der Karibik, die heute in Buenos Aires schlie\u00dft angek\u00fcndigt.<\/p>\n<p>Das treffen, an denen seit letzten Montag Vertreter der 32 L\u00e4nder in der Region, den wichtigsten Herausforderungen der internationalen Lebensmittel- und landwirtschaftlichen Tagesordnung und zielt darauf ab, die Priorit\u00e4ten, die in den n\u00e4chsten zwei Jahren an FAO fortf\u00e4hrt.<\/p>\n<p>&#8220;Wir wissen, dass Ern\u00e4hrungssicherheit h\u00e4ngt von Ma\u00dfnahmen im Bereich des sozialen, wirtschaftlichen und produktiven, und wir auch wissen, dass dies politisches Engagement nicht nur von einer Regierung, sondern eine ganze Gesellschaft erfordert,&#8221; sagte Donnerstag Graziano da Silva.<\/p>\n<p>Der Direktor der FAO unterstrichen &#8220;erh\u00f6hen globalen Nahrungsmittelproduktion um 70 Prozent auf eine Bev\u00f6lkerung zu ern\u00e4hren, die 9 Milliarden Menschen im Jahr 2050 erreichen werden&#8221;,.<\/p>\n<p>Initiative <\/p>\n<p>la Lateinamerika und der Karibik ohne Hunger, Brasilien und Guatemala im Bereich der FAO, 2005 getrieben ist eine geplante vor 2025 Tor, wie er erinnerte Graziano da Silva. EFE<\/p>\n","protected":false},"excerpt":{"rendered":"<p>Buenos Aires, 30 M\u00e4r (EFE).-Argentinien wird den Vorsitz in den n\u00e4chsten zwei Jahren die Regional Conference von Lateinamerika und die Karibik von der UN-Organisation f\u00fcr Landwirtschaft und Ern\u00e4hrung (FAO) best\u00e4tigte heute EfE Quellen der Organisation. Die Wahl von Argentinien an die Regionalkonferenz Stuhl wurde vom Generaldirektor der FAO, Jos\u00e9 Graziano Da Silva, im Rahmen einer [&hellip;]<\/p>\n","protected":false},"author":1,"featured_media":0,"comment_status":"close","ping_status":"open","sticky":false,"template":"","format":"standard","meta":{"footnotes":""},"categories":[3],"tags":[],"class_list":["post-9310","post","type-post","status-publish","format-standard","hentry","category-allgemeine","et-doesnt-have-format-content","et_post_format-et-post-format-standard"],"_links":{"self":[{"href":"https:\/\/www.best-dentist-dentistry.com\/de\/wp-json\/wp\/v2\/posts\/9310","targetHints":{"allow":["GET"]}}],"collection":[{"href":"https:\/\/www.best-dentist-dentistry.com\/de\/wp-json\/wp\/v2\/posts"}],"about":[{"href":"https:\/\/www.best-dentist-dentistry.com\/de\/wp-json\/wp\/v2\/types\/post"}],"author":[{"embeddable":true,"href":"https:\/\/www.best-dentist-dentistry.com\/de\/wp-json\/wp\/v2\/users\/1"}],"replies":[{"embeddable":true,"href":"https:\/\/www.best-dentist-dentistry.com\/de\/wp-json\/wp\/v2\/comments?post=9310"}],"version-history":[{"count":0,"href":"https:\/\/www.best-dentist-dentistry.com\/de\/wp-json\/wp\/v2\/posts\/9310\/revisions"}],"wp:attachment":[{"href":"https:\/\/www.best-dentist-dentistry.com\/de\/wp-json\/wp\/v2\/media?parent=9310"}],"wp:term":[{"taxonomy":"category","embeddable":true,"href":"https:\/\/www.best-dentist-dentistry.com\/de\/wp-json\/wp\/v2\/categories?post=9310"},{"taxonomy":"post_tag","embeddable":true,"href":"https:\/\/www.best-dentist-dentistry.com\/de\/wp-json\/wp\/v2\/tags?post=9310"}],"curies":[{"name":"wp","href":"https:\/\/api.w.org\/{rel}","templated":true}]}}