{"id":9327,"date":"2012-07-07T02:25:35","date_gmt":"2012-07-07T02:25:35","guid":{"rendered":null},"modified":"-0001-11-30T00:00:00","modified_gmt":"-0001-11-30T00:00:00","slug":"the-government-denounces-the-andalusian-public-auction-of-medicines-to-the-constitutional","status":"publish","type":"post","link":"https:\/\/www.best-dentist-dentistry.com\/de\/the-government-denounces-the-andalusian-public-auction-of-medicines-to-the-constitutional\/9327","title":{"rendered":"Die Regierung verurteilt die andalusischen \u00f6ffentliche Versteigerung von Medikamenten zu den konstitutionellen"},"content":{"rendered":"<p class=\"first\"> <span class=\"yshortcuts\" id=\"lw_1333123101_0\"> Madrid<\/span>, 30 M\u00e4r (<span class=\"yshortcuts\" id=\"lw_1333123101_1\"> EFE<\/span>).-die <span class=\"yshortcuts\" id=\"lw_1333123101_2\"> Regierung<\/span> hat beschlossen, sich der <span class=\"yshortcuts\" id=\"lw_1333123101_3\"> Verfassungsgerichtshof<\/span> die <span class=\"yshortcuts\" id=\"lw_1333123101_4\"> Junta de Andaluc\u00eda<\/span> durch \u00f6ffentliche Versteigerung f\u00fcr die Auswahl der Medikamente in <span class=\"yshortcuts\" id=\"lw_1333123101_5\"> Apotheken<\/span> dieser Gemeinschaft entfallen beschweren, weil er glaubte, dass es dringt in die <span class=\"yshortcuts\" id=\"lw_1333123101_6\"> staatliche Gesetzgebung<\/span> und den <span class=\"yshortcuts\" id=\"lw_1333123101_7\"> bieten<\/span> <span class=\"yshortcuts\" id=\"lw_1333123101_8\"> Vorteile reduziert<\/span>.<\/p>\n<p>So hat der Ministerrat beschlossen, pr\u00e4sentieren einen positiven Kompetenzkonflikt zur Aufl\u00f6sung der andalusischen Health Service der 25. Januar 2012, die beruft die Auswahl der Medikamente, zu verstehen, dass er eine neue rechtliche Regelung in das Grundgesetz der Zustand vor dem Verfassungsgericht nicht vorgesehen legt.<\/p>\n<p>Das Konzept dieses Konflikts erfordert die Aussetzung der andalusischen Regel.<\/p>\n<p>Nach Auffassung der Regierung des neuen Preismechanismus Satz bietet der garantierten Leistungen in Andalusien auf die garantierte reduziert durch die Einbeziehung in das Portfolio von gemeinsamen Diensten des National Health Service.<\/p>\n<p>Glaubt auch, dass der Vorstand verschreibungspflichtiges Medikament regelt ohne Befugnisse des Staates geworden, die ausschlie\u00dfliche Zust\u00e4ndigkeit auf dem Gebiet des Arzneimittelrechts hat.<\/p>\n<p>Die Regierung betont, dass seine Entscheidung eine bef\u00fcrwortende Stellungnahme des Staatsrates, unterst\u00fctzt die Angemessenheit Kompetenz die vorgenannten Aufl\u00f6sung regionale Ordnung in Frage gestellt.<\/p>\n<p>La Junta de Andaluc\u00eda machte seine erste dieser Auktionen am 19. M\u00e4rz.<\/p>\n<p>Erhielt durch \u00f6ffentliche Versteigerung bestimmte generische Drogen, dass sie waren diejenigen, die zu verzichten wenn der Patient kommt mit einem Rezept, das nur Wirkstoffe enth\u00e4lt, und damit auf die pharmazeutische Rechnung sparen.<\/p>\n<p>Dieser Mechanismus, beharrt die Exekutive, eindeutig verst\u00f6\u00dft gegen die staatliche Befugnisse und \u00e4ndert das grundlegende Leistungsportfolio gegr\u00fcndet durch den Staat, mit Ausnahme der Leistungen, die durch die Anwendung der grundlegenden Regeln zugreifen k\u00f6nnte.<\/p>\n","protected":false},"excerpt":{"rendered":"<p>Madrid, 30 M\u00e4r ( EFE).-die Regierung hat beschlossen, sich der Verfassungsgerichtshof die Junta de Andaluc\u00eda durch \u00f6ffentliche Versteigerung f\u00fcr die Auswahl der Medikamente in Apotheken dieser Gemeinschaft entfallen beschweren, weil er glaubte, dass es dringt in die staatliche Gesetzgebung und den bieten Vorteile reduziert. So hat der Ministerrat beschlossen, pr\u00e4sentieren einen positiven Kompetenzkonflikt zur Aufl\u00f6sung [&hellip;]<\/p>\n","protected":false},"author":1,"featured_media":0,"comment_status":"close","ping_status":"open","sticky":false,"template":"","format":"standard","meta":{"footnotes":""},"categories":[3],"tags":[20191,20190],"class_list":["post-9327","post","type-post","status-publish","format-standard","hentry","category-allgemeine","tag-konstitutionellen","tag-regierung-appell","et-doesnt-have-format-content","et_post_format-et-post-format-standard"],"_links":{"self":[{"href":"https:\/\/www.best-dentist-dentistry.com\/de\/wp-json\/wp\/v2\/posts\/9327","targetHints":{"allow":["GET"]}}],"collection":[{"href":"https:\/\/www.best-dentist-dentistry.com\/de\/wp-json\/wp\/v2\/posts"}],"about":[{"href":"https:\/\/www.best-dentist-dentistry.com\/de\/wp-json\/wp\/v2\/types\/post"}],"author":[{"embeddable":true,"href":"https:\/\/www.best-dentist-dentistry.com\/de\/wp-json\/wp\/v2\/users\/1"}],"replies":[{"embeddable":true,"href":"https:\/\/www.best-dentist-dentistry.com\/de\/wp-json\/wp\/v2\/comments?post=9327"}],"version-history":[{"count":0,"href":"https:\/\/www.best-dentist-dentistry.com\/de\/wp-json\/wp\/v2\/posts\/9327\/revisions"}],"wp:attachment":[{"href":"https:\/\/www.best-dentist-dentistry.com\/de\/wp-json\/wp\/v2\/media?parent=9327"}],"wp:term":[{"taxonomy":"category","embeddable":true,"href":"https:\/\/www.best-dentist-dentistry.com\/de\/wp-json\/wp\/v2\/categories?post=9327"},{"taxonomy":"post_tag","embeddable":true,"href":"https:\/\/www.best-dentist-dentistry.com\/de\/wp-json\/wp\/v2\/tags?post=9327"}],"curies":[{"name":"wp","href":"https:\/\/api.w.org\/{rel}","templated":true}]}}