{"id":9419,"date":"2012-07-08T02:23:23","date_gmt":"2012-07-08T02:23:23","guid":{"rendered":null},"modified":"-0001-11-30T00:00:00","modified_gmt":"-0001-11-30T00:00:00","slug":"minister-says-that-medical-equipment-is-convinced-chavez-recovery","status":"publish","type":"post","link":"https:\/\/www.best-dentist-dentistry.com\/de\/minister-says-that-medical-equipment-is-convinced-chavez-recovery\/9419","title":{"rendered":"Minister sagt, da\u00df medizinischer Ger\u00e4te \u00fcberzeugt Ch\u00e1vez Wiederherstellung"},"content":{"rendered":"<p class=\"first\"> Caracas, 17 M\u00e4r (EFE).-die Gesundheitsministerin Venezuela, Eugenia Sader, EfE sagte, dass Pr\u00e4sident Hugo Chavez durch ein &#8220;interdisziplin\u00e4res Team&#8221;, die davon \u00fcberzeugt ist, dass der Pr\u00e4sident das Rezidiv des Krebses, \u00fcberschreitet die erneut im vergangenen Februar 26 in la Habana betrieben wurde behandelt wird.<\/p>\n<p>Chavez &#8220;eines multidisziplin\u00e4ren Teams, mit denen wir zusammen arbeiten&#8221;, behandelt wird Sader sagte ohne Angabe der Spezialit\u00e4ten oder die L\u00e4nder, aus denen sich das Team von \u00c4rzte.<\/p>\n<p>&#8220;Wir sind alle Versicherungen, medizinische und nichtmedizinische, da\u00df er \u00fcberwindet diese Schlacht als nachgewiesen&#8221;, die Ministerin.<\/p>\n<p>Der Pr\u00e4sident gestern kehrte nach Venezuela nach drei Wochen Aufenthalt in Kuba, wo Sie am 26. Februar von einem Krebsgeschw\u00fcr betrieben wurde, Wiederauftreten des Krebses aus dem trat er fast neun Monaten auch in Havanna, wurden keine Details dar\u00fcber hinaus im Beckenbereich gefunden.<\/p>\n<p>Sader verteidigt die Tatsache, dass die Natur an Krebs leidet, der Pr\u00e4sident, nicht mitgeteilt wurden sehr kritisiert durch Beschlu\u00df des venezolanischen Widerstand.<\/p>\n<p>&#8220;Es ist eine Sache, die hei\u00dft \u00e4rztlichen Schweigepflicht und der Patient will Ihnen sagen.&#8221; &#8220;Ihre Gesundheit-Privatsph\u00e4re ist f\u00fcr Sie privat, es ist Ihr Recht zu erhalten,&#8221; als Sader, der das Staatsoberhaupt f\u00fcr ein paar Tage in Behandlung in Kuba begleitet.<\/p>\n<p>Said, die Chavez &#8220;ver\u00f6ffentlicht hat&#8221; die medizinische Berichte und &#8220;es sagt alle Zeit, die den Tumor in den Bauch Weg.&#8221; &#8220;Er hat gesagt, er will sagen,&#8221; hinzugef\u00fcgt.<\/p>\n<p>Sader sagte, dass Chavez noch nicht ausgesetzt wurde Sitzungen der Strahlentherapie, eine Behandlung, dass der Pr\u00e4sident bereits angek\u00fcndigt erfordert wiederholte, hat jedoch keine Metastasen.<\/p>\n<p>Dem Minister zufolge Beginn der Strahlentherapie fehl aber &#8220;mehrere Wochen&#8221; nach der Operation, obwohl nicht angegeben, wenn die Behandlung in Venezuela oder Kuba stattfinden wird.<\/p>\n<p>Chavez heute erneut seine Anh\u00e4nger, dass des Krebs k\u00f6nnen nicht mit ihm und einen Triumph &#8220;unvergesslich&#8221; im kommenden Oktober Pr\u00e4sidentschaftswahlen, in denen eine dritte Wiederwahl sucht und konkurrieren mit dem Kandidaten der Opposition, Henrique Capriles auguring.<\/p>\n<p>&#8220;Ist der Pr\u00e4sident wie Sie ihn sehen.&#8221; &#8220;Ich sehe es als ein Krieger k\u00e4mpfen, wie er selbst sagt, Klettern die Steigung und begeistert&#8221;, sagte den Minister. EFE<\/p>\n","protected":false},"excerpt":{"rendered":"<p>Caracas, 17 M\u00e4r (EFE).-die Gesundheitsministerin Venezuela, Eugenia Sader, EfE sagte, dass Pr\u00e4sident Hugo Chavez durch ein &#8220;interdisziplin\u00e4res Team&#8221;, die davon \u00fcberzeugt ist, dass der Pr\u00e4sident das Rezidiv des Krebses, \u00fcberschreitet die erneut im vergangenen Februar 26 in la Habana betrieben wurde behandelt wird. Chavez &#8220;eines multidisziplin\u00e4ren Teams, mit denen wir zusammen arbeiten&#8221;, behandelt wird Sader [&hellip;]<\/p>\n","protected":false},"author":1,"featured_media":0,"comment_status":"close","ping_status":"open","sticky":false,"template":"","format":"standard","meta":{"footnotes":""},"categories":[3],"tags":[],"class_list":["post-9419","post","type-post","status-publish","format-standard","hentry","category-allgemeine","et-doesnt-have-format-content","et_post_format-et-post-format-standard"],"_links":{"self":[{"href":"https:\/\/www.best-dentist-dentistry.com\/de\/wp-json\/wp\/v2\/posts\/9419","targetHints":{"allow":["GET"]}}],"collection":[{"href":"https:\/\/www.best-dentist-dentistry.com\/de\/wp-json\/wp\/v2\/posts"}],"about":[{"href":"https:\/\/www.best-dentist-dentistry.com\/de\/wp-json\/wp\/v2\/types\/post"}],"author":[{"embeddable":true,"href":"https:\/\/www.best-dentist-dentistry.com\/de\/wp-json\/wp\/v2\/users\/1"}],"replies":[{"embeddable":true,"href":"https:\/\/www.best-dentist-dentistry.com\/de\/wp-json\/wp\/v2\/comments?post=9419"}],"version-history":[{"count":0,"href":"https:\/\/www.best-dentist-dentistry.com\/de\/wp-json\/wp\/v2\/posts\/9419\/revisions"}],"wp:attachment":[{"href":"https:\/\/www.best-dentist-dentistry.com\/de\/wp-json\/wp\/v2\/media?parent=9419"}],"wp:term":[{"taxonomy":"category","embeddable":true,"href":"https:\/\/www.best-dentist-dentistry.com\/de\/wp-json\/wp\/v2\/categories?post=9419"},{"taxonomy":"post_tag","embeddable":true,"href":"https:\/\/www.best-dentist-dentistry.com\/de\/wp-json\/wp\/v2\/tags?post=9419"}],"curies":[{"name":"wp","href":"https:\/\/api.w.org\/{rel}","templated":true}]}}