{"id":9477,"date":"2012-07-08T02:27:53","date_gmt":"2012-07-08T02:27:53","guid":{"rendered":null},"modified":"-0001-11-30T00:00:00","modified_gmt":"-0001-11-30T00:00:00","slug":"the-ariane-rocket-travels-to-the-international-space-station","status":"publish","type":"post","link":"https:\/\/www.best-dentist-dentistry.com\/de\/the-ariane-rocket-travels-to-the-international-space-station\/9477","title":{"rendered":"the ariane rocket travels to the international space station"},"content":{"rendered":"<p class=\"first\"> KOUROU in Franz\u00f6sisch-Guayana (Reuters) &#8211; eine unbemannte Ariane Rakete in den fr\u00fchen Morgenstunden des Freitag von Franz\u00f6sisch-Guayana im ersten europ\u00e4ischen startete supply Mission zur internationalen Raumstation seit Ende das U.S.-Shuttle im vergangenen Jahr nach Angaben der Beh\u00f6rden.<\/p>\n<p>Die modifizierte Ariane-Rakete hob um 04:34 GMT aus der Mitte des Starts von der Europ\u00e4ischen Weltraumorganisation in Kourou, Franz\u00f6sisch-Guayana, im Nordosten S\u00fcdamerikas, mehr als sechs Tonnen Ladung aufnehmen.<\/p>\n<p>U.S. Space Shuttles waren Hauptlieferanten von Fracht zur internationalen Raumstation, aber eine letzte Mission von 12 Tagen des Atlantis-Raumschiffs im Juli 2011 beendet das Programm, das bereits 30 Jahre alt war.<\/p>\n<p>Die europ\u00e4ische Flotte der automatisierte \u00dcbertragung (VTA) ist jetzt Schl\u00fcssel bringen an der internationalen Raumstation liefert.<\/p>\n<p>Ehre mehr als eine Stunde nach der Start, Edoardo Amaldi automatisierte \u00dcbermittlung Fahrzeug \u2013 benannt, einem Physiker und Pionier der Fl\u00fcge Platz 20. Jahrhunderts Italienisch &#8211; getrennt von der Ariane-Rakete. Es ist geplant, am 28. M\u00e4rz auf der Raumstation andocken.<\/p>\n<p>Gebaut von einem Industriekonsortium unter der F\u00fchrung von EADS ASTRIUM, ein Gesch\u00e4ftsbereich der EADS europ\u00e4ischen industriellen Riesen, die Drohne ist konzipiert f\u00fcr die Lieferung von Kraftstoff, Nahrung, Kleidung und Sauerstoff f\u00fcr die Besatzung der internationalen Raumstation (ISS), sowie Ersatzteile.<\/p>\n<p>Ist der dritte VTA, die Europa auf der internationalen Raumstation Programm vorgesehen ist. Die erste am Anfang 2008 mit der Station angedockt und die zweite, zu Beginn des vergangenen Jahres.<\/p>\n<p>Der VTA wird erst im August beim Entfernen seiner Ladung Astronauten zur Raumstation angedockt werden und f\u00fcllte sie mit Abf\u00e4llen aus der Station.<\/p>\n<p>, Dann es wird zur\u00fcck auf die Erde geschickt und brennen die Atmosph\u00e4re erneut eingeben. Alle verbleibenden Schmutz w\u00fcrde fallen in einem abgelegenen Gebiet des Pazifischen Ozeans.<\/p>\n<p>Fortschritt russische Flugzeuge haben weniger als die H\u00e4lfte die Kapazit\u00e4t kostenfrei als der Europ\u00e4ische VTA.<\/p>\n<p>Das neue US-Unternehmen SpaceX, eine Vorstellung von dem Mitbegr\u00fcnder der PayPal Elon Musk, wurde die erste Lieferung-Mission zur internationalen Raumstation an Bord der Dragon-Raumschiff von Ende April bis geplant.<\/p>\n<p>Der Raumstation, die bei 90 Prozent abgeschlossen ist, ist ein Projekt von 15 L\u00e4ndern im Wert von etwa $ 150 Milliarden.<\/p>\n<p>\/ Por Franck Leconte \/<\/p>\n","protected":false},"excerpt":{"rendered":"<p>KOUROU in Franz\u00f6sisch-Guayana (Reuters) &#8211; eine unbemannte Ariane Rakete in den fr\u00fchen Morgenstunden des Freitag von Franz\u00f6sisch-Guayana im ersten europ\u00e4ischen startete supply Mission zur internationalen Raumstation seit Ende das U.S.-Shuttle im vergangenen Jahr nach Angaben der Beh\u00f6rden. Die modifizierte Ariane-Rakete hob um 04:34 GMT aus der Mitte des Starts von der Europ\u00e4ischen Weltraumorganisation in Kourou, [&hellip;]<\/p>\n","protected":false},"author":1,"featured_media":0,"comment_status":"close","ping_status":"open","sticky":false,"template":"","format":"standard","meta":{"footnotes":""},"categories":[3],"tags":[20304],"class_list":["post-9477","post","type-post","status-publish","format-standard","hentry","category-allgemeine","tag-ggf","et-doesnt-have-format-content","et_post_format-et-post-format-standard"],"_links":{"self":[{"href":"https:\/\/www.best-dentist-dentistry.com\/de\/wp-json\/wp\/v2\/posts\/9477","targetHints":{"allow":["GET"]}}],"collection":[{"href":"https:\/\/www.best-dentist-dentistry.com\/de\/wp-json\/wp\/v2\/posts"}],"about":[{"href":"https:\/\/www.best-dentist-dentistry.com\/de\/wp-json\/wp\/v2\/types\/post"}],"author":[{"embeddable":true,"href":"https:\/\/www.best-dentist-dentistry.com\/de\/wp-json\/wp\/v2\/users\/1"}],"replies":[{"embeddable":true,"href":"https:\/\/www.best-dentist-dentistry.com\/de\/wp-json\/wp\/v2\/comments?post=9477"}],"version-history":[{"count":0,"href":"https:\/\/www.best-dentist-dentistry.com\/de\/wp-json\/wp\/v2\/posts\/9477\/revisions"}],"wp:attachment":[{"href":"https:\/\/www.best-dentist-dentistry.com\/de\/wp-json\/wp\/v2\/media?parent=9477"}],"wp:term":[{"taxonomy":"category","embeddable":true,"href":"https:\/\/www.best-dentist-dentistry.com\/de\/wp-json\/wp\/v2\/categories?post=9477"},{"taxonomy":"post_tag","embeddable":true,"href":"https:\/\/www.best-dentist-dentistry.com\/de\/wp-json\/wp\/v2\/tags?post=9477"}],"curies":[{"name":"wp","href":"https:\/\/api.w.org\/{rel}","templated":true}]}}