{"id":9510,"date":"2012-07-08T02:31:01","date_gmt":"2012-07-08T02:31:01","guid":{"rendered":null},"modified":"-0001-11-30T00:00:00","modified_gmt":"-0001-11-30T00:00:00","slug":"the-pope-requests-a-cuba-of-all-and-for-all","status":"publish","type":"post","link":"https:\/\/www.best-dentist-dentistry.com\/de\/the-pope-requests-a-cuba-of-all-and-for-all\/9510","title":{"rendered":"the pope requests a cuba of all and for all"},"content":{"rendered":"<p class=\"first\"> <span class=\"yshortcuts\" id=\"lw_1332999309_0\"> Havanna<\/span> (Reuters) &#8211; Papst <span class=\"yshortcuts\" id=\"lw_1332999309_1\"> Benedikt XVI.<\/span> forderte am Mittwoch in seinen Abschied aus <span class=\"yshortcuts\" id=\"lw_1332999309_2\"> Kuba<\/span>, dass die Beschr\u00e4nkung der <span class=\"yshortcuts\" id=\"lw_1332999309_3\"> Grundfreiheiten<\/span> in der <span class=\"yshortcuts\" id=\"lw_1332999309_4\"> Insel<\/span> kein Hindernis f\u00fcr eine Ver\u00e4nderung der Insel zu erreichen ist und zur\u00fcck zu kritisieren das <span class=\"yshortcuts\" id=\"lw_1332999309_5\"> Embargo<\/span> der <span class=\"yshortcuts\" id=\"lw_1332999309_6\"> USA<\/span> gegen die sozialistische <span class=\"yshortcuts\" id=\"lw_1332999309_7\"> Regierung<\/span> aus f\u00fcnf Jahrzehnten unterh\u00e4lt.<\/p>\n<p>Nach einem Besuch von drei Tagen das Land der Karibik, <span class=\"yshortcuts\" id=\"lw_1332999309_8\"> Sumo<\/span>-Hohepriester angefordert &#8220;Kuba von allen und f\u00fcr alle&#8221;, Verbannung die Positionen zur Erreichung einer gro\u00dfen nationalen Vers\u00f6hnung zu einem Zeitpunkt, wenn die Nation Leben seinen gr\u00f6\u00dften Moment der Transformation aus dem Triumph der Revolution 1959, verschanzt.<\/p>\n<p>&#8220;Es ist m\u00f6glich, eine Gesellschaft der Weite Horizonte, erneuert und vers\u00f6hnt zu bauen.&#8221; &#8220;Dass niemand gehindert wird, verbinden diese spannende Aufgabe f\u00fcr die Beschr\u00e4nkung ihrer Grundrechte oder freigestellten Freiheiten es durch Faulheit oder mangelnde materielle Ressourcen&#8221;, sagte der Bischof von Rom am Flughafen.<\/p>\n<p>Dar\u00fcber hinaus bezeichnet der Heilige Vater Ende des Embargos, die Washington gegen das Land vor 50 Jahren verh\u00e4ngt zum Sturz seiner ideologischen Feind, durch die schwierige wirtschaftliche Lage weiter versch\u00e4rft und &#8220;wiegen sich negativ auf die Bev\u00f6lkerung&#8221;.<\/p>\n<p>Seit seiner Ankunft in Santiago De Cuba am Montag, der Papst hat darauf bestanden die Regierung von Raul Castro ben\u00f6tigen die Hilfe der Kirche bei der Suche nach neue Wege und Modelle zur Bew\u00e4ltigung &#8220;kein Trauma&#8221; Transformationen kommen.<\/p>\n<p>Der kubanische Vertreter dankte Papst Benedikt XVI. f\u00fcr einen Besuch, die in einer Atmosph\u00e4re von &#8220;Verst\u00e4ndigung&#8221; bestanden hat in dem &#8220;viele und Tiefe&#8221; Matches trotz anderer Meinung zu allen Themen gefunden.<\/p>\n<p>&#8220;seine Begegnung mit dem kubanischen Volk hat ihm die Gelegenheit gegeben, besser zu verstehen und die Fairness unseren Zwecken zu beobachten&#8221;, sagte vor dem H\u00e4ndesch\u00fctteln der Pontifex wenn er bestieg das Flugzeug in einem anhaltenden Regen das Land verlassen.<\/p>\n<p>Die Reise der katholischen Hierarch gekr\u00f6nt einen langen Weg in die Verbesserung der Beziehungen der Regierung mit der Kirche, die die Hauptgespr\u00e4chspartner der Beh\u00f6rden zur sensiblen Menschenrechte und politischen Freiheiten Probleme geworden.<\/p>\n<p>Jedoch trotz der Verweise mehr oder weniger verschleierten politischen Gefangenen, Exilanten und der Dringlichkeit der \u00c4nderungen in gr\u00f6\u00dferer Tiefe in der Karibik Nation, der katholische F\u00fchrer erhielten nicht die Dissidenten auf der Insel, von der Regierung als S\u00f6ldner im Sold der USA beschuldigt.<\/p>\n<p>Authentische Freiheit<\/p>\n<p>Am Morgen, des Heiligen Vaters amtierte eine \u00fcberf\u00fcllte Masse in den mythischen Platz der Revolution, die genannt, um die &#8220;wirkliche Freiheit&#8221; zu suchen, eine offenere Gesellschaft zu schaffen.<\/p>\n<p>&#8220;Es gibt andere, die diese Suche nach Wahrheit, sie die Einnahme der Irrationalit\u00e4t und Fanatismus interpretieren, sperren sich b\u00f6se in &#39; seine wirklich &#39; und Versuch, es auf andere zu \u00fcbertragen&#8221;, sagte von der gleichen Kanzel, wo Fidel, gekleidet in Olivgr\u00fcn, Araba seinen Landsleuten mit beleuchteten revolution\u00e4re reden.<\/p>\n<p>In einem lila Toga gekleidet, der deutsche Papst tourte die Hauptverkehrsadern des Kapitals an Bord das Papamobil, bejubelt von einige 300.000 Kubaner, die die rauen Karibik mit Kappen, Visiere aus Pappe und Sonnenschirmen Sonne gesch\u00fctzt, den Segen des Bischofs von Rom erhalten die.<\/p>\n<p>&#8220;Der Papst dem glauben viele kehren.&#8221; &#8220;Hier in Kuba wirtschaftliche Schwierigkeiten \u00fcberfordern wir beide die Tr\u00e4ume sind etwas betroffen&#8221;, sagte Jos\u00e9 Correa, Stolz zeigt drei Kruzifixe in seiner Brust in einem Land, das offiziell atheistisch und antiklerikalen bis 1992 war.<\/p>\n<p>Flanked von imposanten Bildnisse des argentinischen Guerilla Ernesto &#8220;Che&#8221; Guevara und Camilo Cienfuegos Rebel, Papst Benedikt XVI. bekr\u00e4ftigt die Notwendigkeit, dass die Regierung mehr \u00f6ffentlichen Freifl\u00e4chen, Kirche, darunter die M\u00f6glichkeit, &#8220;bald&#8221; seine Lehre an Schulen und Universit\u00e4ten nehmen.<\/p>\n<p>&#8220;Es ist notwendig zu bewegen (und) zu st\u00e4rken, was wir bereits erreicht haben und diesen Weg der echten Dienst f\u00fcr das Gemeinwohl der ganzen kubanische Gesellschaft vorw\u00e4rts,&#8221; sagte unterstreicht die zunehmende Konsolidierung der Allianz von Kirche und Staat &#8220;freudig&#8221;.<\/p>\n<p>Am Dienstag, dem Heiligen Vater hatte eine &#8220;herzliche&#8221; Treffen mit Raul Castro, der an die macht, die nach dem R\u00fccktritt seines Bruders im Jahr 2008 aus gesundheitlichen Gr\u00fcnden.<\/p>\n<p>Seiner Heiligkeit gemacht h\u00e4tte einen &#8220;humanit\u00e4ren Auftrag&#8221; Castro, laut der Vatikan, berichtet, dass viele als Anforderung interpretiert, politische Gefangene freizulassen oder in die USA Auftragnehmer Alan Gross als, verurteilt zu 15 Jahren, Verbindungen mit dem Internet zu installieren auf der Insel illegal betrachtet.<\/p>\n<p>Auch angefordert, den Feiertag Karfreitag wiederherzustellen, in einer Geste, \u00e4hnlich wie die Fidel mit dem verstorbenen Johannes Paul II, die Weihnachten vor seinem historischen wieder hatte 1998 besuchen.<\/p>\n<p>MARXISTEN und Christen<\/p>\n<p>Einer der am meisten erwarteten Momente der Reise war die Begegnung zwischen Papst Benedikt XVI. und Fidel Castro, der f\u00fcr eine halbe Stunde in der Apostolischen Nuntiatur von Havanna trafen.<\/p>\n<p>Federico Lombardi, sagte der Sprecher des Vatikan, war es ein ruhige und herzliche Gespr\u00e4ch, wo er die Liturgie der Kirche und die Probleme, vor denen die Menschheit gesprochen. Sie scherzte sogar \u00fcber sein Alter und der charismatischen Rebell fragte ihn, was die Aufgabe des Papstes ist.<\/p>\n<p>Rezeption war ein Impuls zur Konsolidierung der wichtigsten Allianz zwischen der katholischen Kirche und der Regierung, die eine Reihe von Reformen zur Modernisierung der Wirtschaft ohne Verzicht auf die sozialistische Ideologie f\u00f6rdert, Ausbau der Unternehmergeist in Gebieten, die zuvor an den Staat, wie Tourismus und catering private vorbehalten.<\/p>\n<p>Der Besuch generiert unterschiedliche Reaktionen in der Bev\u00f6lkerung. Einige glauben, dass der Papst dazu beitragen wird, die Wirtschaftsblockade gegen Washington, andere ein Ende gesetzt, die die politischen Ver\u00e4nderungen und die Mehrheit dieser luxuri\u00f6sen glaube nach Jahrzehnten des Antiklerikalismus und Vermehrung von der Afro-kubanischen Santeria aufl\u00e4dt.<\/p>\n<p>&#8220;Wir wissen, dass Kuba \u00e4ndern muss und was wir tun. aber wenn USA, mit seiner Blockade, die uns ertrinkt \u00e4ndern wird?&#8221; &#8220;Ich hoffe, Benedict hat etwas zu sagen auch&#8221;, sagte Maritza Alvarez, einen gebrauchten Zustand 40 Jahre gewartet vom Morgen auf einen Platz in den ersten Zeilen haben.<\/p>\n<p>Erwartungen, dass die Anwesenheit der katholischen Hierarch Schritt zur Er\u00f6ffnung in sensiblen Themen wie Menschenrechte gab und b\u00fcrgerliche Freiheiten wurde herausgeschnitten, voll von der Exekutive, die wieder einmal klar, dass die \u00c4nderungen vorgenommen werden und nicht auf das politische System von Einzel-Partei.<\/p>\n<p>&#8220;In Kuba wird nicht politischen Reformen haben&#8221;, sagte Stumpf Dienstag Marino Murillo, einer der kubanischen Vizepr\u00e4sidenten und Betreuer der wirtschaftlichen Umw\u00e4lzungen.<\/p>\n<p>Reaktion, der Sprecher seine Heiligkeit sagte: &#8220;Die Kirche wird nicht versucht, L\u00f6sungen durchzusetzen&#8221;. &#8220;Wir wissen, dass es ist ein langer Weg und die Geschichte Kubas Komplex ist&#8221;.<\/p>\n<p>\/ Por Enrique Andr\u00e9s Brezel und Nelson Acosta \/<\/p>\n","protected":false},"excerpt":{"rendered":"<p>Havanna (Reuters) &#8211; Papst Benedikt XVI. forderte am Mittwoch in seinen Abschied aus Kuba, dass die Beschr\u00e4nkung der Grundfreiheiten in der Insel kein Hindernis f\u00fcr eine Ver\u00e4nderung der Insel zu erreichen ist und zur\u00fcck zu kritisieren das Embargo der USA gegen die sozialistische Regierung aus f\u00fcnf Jahrzehnten unterh\u00e4lt. Nach einem Besuch von drei Tagen das [&hellip;]<\/p>\n","protected":false},"author":1,"featured_media":0,"comment_status":"close","ping_status":"open","sticky":false,"template":"","format":"standard","meta":{"footnotes":""},"categories":[3],"tags":[20330],"class_list":["post-9510","post","type-post","status-publish","format-standard","hentry","category-allgemeine","tag-welt-brger","et-doesnt-have-format-content","et_post_format-et-post-format-standard"],"_links":{"self":[{"href":"https:\/\/www.best-dentist-dentistry.com\/de\/wp-json\/wp\/v2\/posts\/9510","targetHints":{"allow":["GET"]}}],"collection":[{"href":"https:\/\/www.best-dentist-dentistry.com\/de\/wp-json\/wp\/v2\/posts"}],"about":[{"href":"https:\/\/www.best-dentist-dentistry.com\/de\/wp-json\/wp\/v2\/types\/post"}],"author":[{"embeddable":true,"href":"https:\/\/www.best-dentist-dentistry.com\/de\/wp-json\/wp\/v2\/users\/1"}],"replies":[{"embeddable":true,"href":"https:\/\/www.best-dentist-dentistry.com\/de\/wp-json\/wp\/v2\/comments?post=9510"}],"version-history":[{"count":0,"href":"https:\/\/www.best-dentist-dentistry.com\/de\/wp-json\/wp\/v2\/posts\/9510\/revisions"}],"wp:attachment":[{"href":"https:\/\/www.best-dentist-dentistry.com\/de\/wp-json\/wp\/v2\/media?parent=9510"}],"wp:term":[{"taxonomy":"category","embeddable":true,"href":"https:\/\/www.best-dentist-dentistry.com\/de\/wp-json\/wp\/v2\/categories?post=9510"},{"taxonomy":"post_tag","embeddable":true,"href":"https:\/\/www.best-dentist-dentistry.com\/de\/wp-json\/wp\/v2\/tags?post=9510"}],"curies":[{"name":"wp","href":"https:\/\/api.w.org\/{rel}","templated":true}]}}