{"id":9618,"date":"2012-07-09T02:25:42","date_gmt":"2012-07-09T02:25:42","guid":{"rendered":null},"modified":"-0001-11-30T00:00:00","modified_gmt":"-0001-11-30T00:00:00","slug":"cardoso-and-villepin-call-for-environmental-issues-to-be-discussed-in-the-elections","status":"publish","type":"post","link":"https:\/\/www.best-dentist-dentistry.com\/de\/cardoso-and-villepin-call-for-environmental-issues-to-be-discussed-in-the-elections\/9618","title":{"rendered":"Cardoso und Villepin rufen f\u00fcr Umweltfragen bei den Wahlen diskutiert werden"},"content":{"rendered":"<p class=\"first\"> Manaus (Brasilien), 23 M\u00e4r (EFE).-der ehemalige brasilianische Pr\u00e4sident Fernando Henrique Cardoso und ehemaligen franz\u00f6sischen Premierminister Dominique de Villepin heute vorgeschlagen, dass Diskussionen \u00fcber die Umwelt in Wahlk\u00e4mpfen eingebaut werden.<\/p>\n<p>Cardoso und Villepin sprach am zweiten Tag des dritten World Forum f\u00fcr nachhaltige Entwicklung, die morgen in den Amazon-Stadt Manaus abschlie\u00dfen wird.<\/p>\n<p>&#8220;Jugend befasst sich mit Umweltfragen, aber politische Parteien sind nicht sehr daran interessiert, zu einer Wahlkampagne betreibenden&#8221; Cardoso sagte in seiner Rede.<\/p>\n<p>Laut Cardoso, regierte Brasilien f\u00fcr zwei Amtsperioden zwischen 1995 und 2002 in die Diskussion der Umweltfragen bei Wahlkampagnen umsetzen &#8220;durchl\u00e4uft eine moralische Herausforderung&#8221;.<\/p>\n<p>&#8220;Wenn ich sage, moralische ist politisch, weil nach dem Kyoto-Protokoll (1997 und in Kraft seit 2005 unterzeichneten) wir nicht geschafft haben, die brasilianische Demokratie auf die Bedeutung der Aufrechterhaltung des Amazonas-Regenwaldes zu Fu\u00df, zu \u00fcberzeugen&#8221;, erinnerte der Soziologen und Exgobernante und.<\/p>\n<p>Cardoso auch zitiert der ehemalige US-Pr\u00e4sident Bill Clinton, die &#8220;auch mehr wollten&#8221; hinsichtlich des Kyoto-Protokolls zum Klimawandel, &#8220;aber konnte nicht vorankommen in der Politik der Vereinigten Staaten&#8221;.<\/p>\n<p>&#8220;Mit dem Willen, in Brasilien gibt es alle Bedingungen, dass Fortschritte in dieser Sache&#8221;, sagte der Exmandatario.<\/p>\n<p>, Dass gleiche Vene, Villepin bedauert, dass das Thema nachhaltige Entwicklung in Europa nicht die meisten von den Wahlen gebracht.<\/p>\n<p>&#8220;die Wahlen in Europa wurden nicht nachhaltige Entwicklung in der Diskussion.&#8221; &#8220;Es war nicht in Frankreich oder in Spanien und es muss nicht nehmen in Deutschland n\u00e4chstes Jahr&#8221;, sagte.<\/p>\n<p>F\u00fcr Villepin, der Premierminister zwischen 2005 und 2007 war, der beste Weg Regierungen zu geben, mehr Aufmerksamkeit auf die Frage des Umweltschutzes zwingen ist &#8220;\u00dcbung popul\u00e4r Druck auf den f\u00fchrenden Stimmen&#8221;.<\/p>\n<p>In seinem Vortrag, Cardoso verwies auf die &#8220;Herausforderungen&#8221; der nachhaltigen Entwicklung und versicherte, dass die wichtigsten von ihnen f\u00fcr Brasilien Amazon.<\/p>\n<p>&#8220;Unser gr\u00f6\u00dfte Problem ist die Herausforderung der Umgang mit der Situation der W\u00e4lder, weil ich immer noch glaube, dass es m\u00f6glich ist, dass es an der gleichen Zeit Entwicklung und Achtung der Umwelt, mit M\u00f6glichkeiten f\u00fcr Menschen leben zusammen mit den Wald ohne Sie zu zerst\u00f6ren&#8221;, sagte der ehemaligen Pr\u00e4sident.<\/p>\n<p>Cardoso betrachtet das Thema als &#8220;dringend&#8221;, aber gewarnt, die &#8220;Dringlichkeit nicht im brasilianischen Leben ist und bekr\u00e4ftigt werden, nicht f\u00fcr morgen&#8221;.<\/p>\n<p>Der beiden Exgobernantes ausgedr\u00fcckt auch ihre Ansichten \u00fcber die globale Krise trifft vor allem Europa.<\/p>\n<p>Cardoso darauf hingewiesen, dass der Planeten, neue Technologien ben\u00f6tigen und die Ausgabe des &#8220;depressiven Zyklus&#8221; nur mit einem &#8220;neuen Zyklus von Investitionen erreicht werden&#8221;, aber ohne hohe Wachstumsraten, als wirtschaftlichen Fortschritt &#8220;oft&#8221; nicht sich in soziale Leistungen spiegelt.<\/p>\n<p>Cardoso, die sich den Bau der Wasserkraftwerk Belo Monte-Kontroverse, im Herzen des Amazonas und das Kernkraftwerk Angra III, in dem Bundesstaat Rio de Janeiro &#8220;kann seine Rede die gr\u00fcne Wirtschaft den Weg f\u00fcr die Ausfahrt aus der Krise \u00f6ffnen gegen&#8221; abgeschlossen.<\/p>\n<p>Villepin, unterdessen vorgeschlagen &#8220;verfolgen&#8221; der Prozess &#8220;gr\u00fcne Wirtschaft&#8221; in USA und China, L\u00e4nder gezielt als gro\u00dfe Verursacher Umwelt- und anderen Nationen als ein gutes Beispiel in dieser Hinsicht, darunter Frankreich, Deutschland und Brasilien.<\/p>\n<p>Franz\u00f6sischer Politiker bezeichnet auch die UN-Konferenz \u00fcber nachhaltige Entwicklung Rio + 20, die n\u00e4chsten Juni in Rio De Janeiro, Termin stattfinden wird in die &#8220;vielen&#8221; mitten in einer schweren finanziellen Krise wird Schwierigkeiten.<\/p>\n<p>&#8220;Wir brauchen Aktionen, die unser Engagement in der Rio + 20, materialisieren zu erreichen, weil wir nicht den Schwung verlieren d\u00fcrfen, ohne eine Entscheidung zu treffen,&#8221; sagte Villepin, f\u00fcr wen das Bruttoinlandsprodukt (BIP) als Faktor einer nachhaltigen Entwicklung die gr\u00fcne Wirtschaft, Gl\u00fcck und andere Indizes enthalten muss.<\/p>\n<p>&#8220;Menschlichkeit kann zahlen einen Preis zu teuer, wenn Sie nicht die richtigen Entscheidungen nehmen&#8221; sagte. Waldheim Garcia Montoya<\/p>\n<p>Manaus (Brasilien), 23 M\u00e4r (EFE).-ehemalige franz\u00f6sische Premierminister Dominique de Villepin schlug heute eine &#8220;realistische&#8221; Verringerung der Abh\u00e4ngigkeit der Welt von Kernenergie, dem Weltforum f\u00fcr nachhaltige Entwicklung einzugreifen.<\/p>\n<p>&#8220;In unserem Land, 75 % der Energie stammt aus Kernkraftwerken und nach der Katastrophe von Fukushima gab es eine wichtige Debatte&#8221; Villepin trat im vergangenen Jahr bei eine japanische Kernkraftwerken war durch das Erdbeben am 11. M\u00e4rz in diesem Land, erkl\u00e4rte Journalisten in die Amazon Stadt Manaus betroffen.<\/p>\n<p>Nach Villepin, Fukushima-Unfall f\u00fchrte zu einer Debatte in Frankreich \u00fcber die Nutzung der Kernenergie.<\/p>\n<p>&#8220;einige glauben, dass wir sollten weiterhin diese Art von Energie verwenden und andere glauben, dass wir unsere Abh\u00e4ngigkeit, zun\u00e4chst von 75 Prozent auf 50 Prozent reduzieren m\u00fcssen&#8221;, sagte er.<\/p>\n<p>Villepin darauf hingewiesen, dass diese Reduzierung sollte &#8220;realistisch&#8221; und zitiert den Fall Deutschlands, die eine Reduktion auf NULL, wie das Beispiel der Kernenergie durch gr\u00fcne Energie Ersatz vorschl\u00e4gt.<\/p>\n<p>&#8220;die Frage ist, wie diese \u00c4nderung in einem industrialisierten Land realistisch sein kann?&#8221; &#8220;Es ist nicht leicht, dieses Ziel zu erreichen, die kurzfristig&#8221;, in Frage gestellt.<\/p>\n<p>Villepin der Auffassung, dass eine Verringerung der Abh\u00e4ngigkeit von Kernenergie Prozess &#8220;eine neue gr\u00fcne Wirtschaft braucht&#8221; erlauben &#8220;ein besseres Gleichgewicht zwischen Kernenergie, Strom und erneuerbare Energien&#8221;.<\/p>\n<p>&#8220;Das ist heute eine der wichtigsten Fragen, die verschiedenen globalen Interessen in der Mitte einer Finanzkrise und lange Sicht Probleme der moralischen und politischen, in Einklang zu bringen, weil die Umwelt keine Angelegenheit, die nicht auf ein einzelnes Land beschr\u00e4nkt ist&#8221; betont.<\/p>\n<p>F\u00fcr franz\u00f6sische Politiker, wird ben\u00f6tigt, um &#8220;auf die individuellen Bed\u00fcrfnisse eines jeden Landes reagieren ohne die anderen, denn es gibt Schwierigkeiten, die sofort als Entwaldung und Wassermangel konfrontiert werden m\u00fcssen&#8221;.<\/p>\n<p>&#8220;M\u00fcssen akzeptieren Vielfalt und finden Werkzeuge, als neue Einrichtung der Vereinten Nationen f\u00fcr nachhaltige Entwicklung&#8221;, hingewiesen.<\/p>\n<p>Des ehemaligen franz\u00f6sischen Ministers Dominique de Villepin. Villepin glaubt der beste Weg, um die Regierungen zu geben, mehr Aufmerksamkeit auf das Thema Umwelt zwingen ist Druckmittel durch Abstimmung. WireImage \/<\/p>\n","protected":false},"excerpt":{"rendered":"<p>Manaus (Brasilien), 23 M\u00e4r (EFE).-der ehemalige brasilianische Pr\u00e4sident Fernando Henrique Cardoso und ehemaligen franz\u00f6sischen Premierminister Dominique de Villepin heute vorgeschlagen, dass Diskussionen \u00fcber die Umwelt in Wahlk\u00e4mpfen eingebaut werden. Cardoso und Villepin sprach am zweiten Tag des dritten World Forum f\u00fcr nachhaltige Entwicklung, die morgen in den Amazon-Stadt Manaus abschlie\u00dfen wird. &#8220;Jugend befasst sich mit [&hellip;]<\/p>\n","protected":false},"author":1,"featured_media":0,"comment_status":"close","ping_status":"open","sticky":false,"template":"","format":"standard","meta":{"footnotes":""},"categories":[3],"tags":[],"class_list":["post-9618","post","type-post","status-publish","format-standard","hentry","category-allgemeine","et-doesnt-have-format-content","et_post_format-et-post-format-standard"],"_links":{"self":[{"href":"https:\/\/www.best-dentist-dentistry.com\/de\/wp-json\/wp\/v2\/posts\/9618","targetHints":{"allow":["GET"]}}],"collection":[{"href":"https:\/\/www.best-dentist-dentistry.com\/de\/wp-json\/wp\/v2\/posts"}],"about":[{"href":"https:\/\/www.best-dentist-dentistry.com\/de\/wp-json\/wp\/v2\/types\/post"}],"author":[{"embeddable":true,"href":"https:\/\/www.best-dentist-dentistry.com\/de\/wp-json\/wp\/v2\/users\/1"}],"replies":[{"embeddable":true,"href":"https:\/\/www.best-dentist-dentistry.com\/de\/wp-json\/wp\/v2\/comments?post=9618"}],"version-history":[{"count":0,"href":"https:\/\/www.best-dentist-dentistry.com\/de\/wp-json\/wp\/v2\/posts\/9618\/revisions"}],"wp:attachment":[{"href":"https:\/\/www.best-dentist-dentistry.com\/de\/wp-json\/wp\/v2\/media?parent=9618"}],"wp:term":[{"taxonomy":"category","embeddable":true,"href":"https:\/\/www.best-dentist-dentistry.com\/de\/wp-json\/wp\/v2\/categories?post=9618"},{"taxonomy":"post_tag","embeddable":true,"href":"https:\/\/www.best-dentist-dentistry.com\/de\/wp-json\/wp\/v2\/tags?post=9618"}],"curies":[{"name":"wp","href":"https:\/\/api.w.org\/{rel}","templated":true}]}}