{"id":9695,"date":"2012-07-10T02:25:20","date_gmt":"2012-07-10T02:25:20","guid":{"rendered":null},"modified":"-0001-11-30T00:00:00","modified_gmt":"-0001-11-30T00:00:00","slug":"llamazares-criticizes-the-worrying-political-weakness-of-mato","status":"publish","type":"post","link":"https:\/\/www.best-dentist-dentistry.com\/de\/llamazares-criticizes-the-worrying-political-weakness-of-mato\/9695","title":{"rendered":"llamazares criticizes the worrying political weakness of mato"},"content":{"rendered":"<p class=\"first\"> Madrid, 1 Apr (EFE).-Stellvertreter des IU und Sprecher in der Gesundheitskommission des Kongresses, Gaspar Llamazares, parlamentarischen sagte heute, dass sowohl das Ministerium f\u00fcr Gesundheit, soziale Dienste und Geschlechter, wie sein Besitzer, Ana Mato, &#8220;haben in dieser kurzen Zeit eine beunruhigende politische Schw\u00e4che&#8221;gezeigt.<\/p>\n<p>So Llamazares bezeichnet die Leistung des neuen Ministers w\u00e4hrend der ersten hundert Tage der beliebten Exekutive Ma\u00dfnahme, in dem, seiner Ansicht nach &#8220;wird immer manifestieren sich in klarer Weise das Gesundheitswesen ist keine politische Priorit\u00e4t f\u00fcr diese Regierung und die PP oder&#8221;.<\/p>\n<p>&#8220;Ist daher wiederholt ein Szenario \u00e4hnlich, das hat den Gesetzgeber platzieren \u00fcbergeben mit der PSOE, die ist noch trauriger, wenn wir die Herausforderungen ber\u00fccksichtigen, die angegangen werden m\u00fcssen&#8221;, argumentierte in einer Pressemitteilung.<\/p>\n<p>F\u00fcr Llamazares, Mato f\u00fchrt seine Arbeit mit einer &#8220;total Lethargie&#8221; auf den &#8220;gro\u00dfen&#8221; Anforderungen und Anforderungen stellen auf dem Tisch von den Millionen von Nutzern Gesundheit, Fachleuten des Sektors und bestimmte soziale und Unternehmensgruppen im Zusammenhang mit der.<\/p>\n<p>Hat davor gewarnt, dass &#8220;diese bemerkenswerte Mangel an Initiative des Ministers wird hinzugef\u00fcgt, dar\u00fcber, dass seine Abteilung ist politisch in der Defensive, das Schlimmste, das passieren kann, in einem Ministerium dieser Merkmale&#8221;, t\u00f6nte hat die parlamentarische UI.<\/p>\n<p>&#8220;Mehr Vorschl\u00e4ge konstruktiv und effizient starten scheinen gewidmet, was ist, Ziele zu stoppen und versuchen zu stoppen das schlagen, die ihnen von den autonomen Gemeinschaften kommen, die am Rand der Beh\u00f6rde und die tats\u00e4chlichen Befugnisse handeln, die das Gesundheitsministerium hat&#8221;, abgeschlossen wurde.<\/p>\n","protected":false},"excerpt":{"rendered":"<p>Madrid, 1 Apr (EFE).-Stellvertreter des IU und Sprecher in der Gesundheitskommission des Kongresses, Gaspar Llamazares, parlamentarischen sagte heute, dass sowohl das Ministerium f\u00fcr Gesundheit, soziale Dienste und Geschlechter, wie sein Besitzer, Ana Mato, &#8220;haben in dieser kurzen Zeit eine beunruhigende politische Schw\u00e4che&#8221;gezeigt. So Llamazares bezeichnet die Leistung des neuen Ministers w\u00e4hrend der ersten hundert Tage [&hellip;]<\/p>\n","protected":false},"author":1,"featured_media":0,"comment_status":"close","ping_status":"open","sticky":false,"template":"","format":"standard","meta":{"footnotes":""},"categories":[3],"tags":[],"class_list":["post-9695","post","type-post","status-publish","format-standard","hentry","category-allgemeine","et-doesnt-have-format-content","et_post_format-et-post-format-standard"],"_links":{"self":[{"href":"https:\/\/www.best-dentist-dentistry.com\/de\/wp-json\/wp\/v2\/posts\/9695","targetHints":{"allow":["GET"]}}],"collection":[{"href":"https:\/\/www.best-dentist-dentistry.com\/de\/wp-json\/wp\/v2\/posts"}],"about":[{"href":"https:\/\/www.best-dentist-dentistry.com\/de\/wp-json\/wp\/v2\/types\/post"}],"author":[{"embeddable":true,"href":"https:\/\/www.best-dentist-dentistry.com\/de\/wp-json\/wp\/v2\/users\/1"}],"replies":[{"embeddable":true,"href":"https:\/\/www.best-dentist-dentistry.com\/de\/wp-json\/wp\/v2\/comments?post=9695"}],"version-history":[{"count":0,"href":"https:\/\/www.best-dentist-dentistry.com\/de\/wp-json\/wp\/v2\/posts\/9695\/revisions"}],"wp:attachment":[{"href":"https:\/\/www.best-dentist-dentistry.com\/de\/wp-json\/wp\/v2\/media?parent=9695"}],"wp:term":[{"taxonomy":"category","embeddable":true,"href":"https:\/\/www.best-dentist-dentistry.com\/de\/wp-json\/wp\/v2\/categories?post=9695"},{"taxonomy":"post_tag","embeddable":true,"href":"https:\/\/www.best-dentist-dentistry.com\/de\/wp-json\/wp\/v2\/tags?post=9695"}],"curies":[{"name":"wp","href":"https:\/\/api.w.org\/{rel}","templated":true}]}}