{"id":9861,"date":"2012-07-11T02:24:54","date_gmt":"2012-07-11T02:24:54","guid":{"rendered":null},"modified":"-0001-11-30T00:00:00","modified_gmt":"-0001-11-30T00:00:00","slug":"pope-begins-trip-to-latin-america-walks-aided-by-cane","status":"publish","type":"post","link":"https:\/\/www.best-dentist-dentistry.com\/de\/pope-begins-trip-to-latin-america-walks-aided-by-cane\/9861","title":{"rendered":"pope begins trip to latin america walks aided by cane"},"content":{"rendered":"<p class=\"first\"> Rom (Reuters) &#8211; Papst Benedikt XVI. ging am Freitag in der \u00d6ffentlichkeit zum ersten Mal zu Beginn seiner Reise nach Lateinamerika, in ein Zeichen f\u00fcr seine zunehmende k\u00f6rperliche Schw\u00e4che durch einen Stock geholfen.<\/p>\n<p>Wer wird 85 Jahre alt im n\u00e4chsten Monat ging auf ein Flugzeug am Flughafen Rom-Fiumicino mit einem Stock, der Vatikan Reporter begleitete ihn auf seinem Besuch in Kuba und Mexiko, sagte der Hohepriester.<\/p>\n<p>Der Papst im vergangenen Jahr begann mit eine mobile Plattform um zu vermeiden, zu viel zu Fu\u00df auf dem Altar der Basilika St. Peter.<\/p>\n<p>Der Vatikan sagte, dass der katholische F\u00fchrer der Plattform mithilfe wurde um \u00dcberm\u00fcdung zu vermeiden und gab es keine gro\u00dfen \u00fcber Ihre Gesundheit im allgemeinen Bedenken.<\/p>\n<p>Benedikt XVI will 24 Stunden nach Ankunft in Mexiko von den Jetlag erholen, im Gegensatz zu den Terminkalender seines Vorg\u00e4ngers Johannes Paul II. bis seine Gesundheit verschlechtert, in den letzten Jahren seines Lebens ruhen.<\/p>\n<p>Der deutschen Papst war 78 Jahre alt, als er wurde gew\u00e4hlt, um die maximale wegen der katholischen Kirche und hat beschlossen, eine Agenda weniger anstrengend f\u00fcr Ihre Gesundheit zu erhalten, w\u00e4hrend Johannes Paul II. 58 zu Beginn seines Pontifikats war halten.<\/p>\n<p>Johannes Paul II, der im Jahr 2005 starb, unternahm 19 Reisen in Lateinamerika, eine Region in \u00fcberwiegend katholischen Mehrheit, das letzte von ihnen war er 82 Jahre alt.<\/p>\n<p>Der weniger aktiven Benedikt XVI., im April kommt das achte Jahr seines Pontifikats, macht seine zweite Reise nach Lateinamerika und der erste, der Spanisch sprechenden L\u00e4ndern in der Region nach einem Besuch in Brasilien 2007.<\/p>\n<p>(Bericht von Philip Pullella, geschrieben von Barry Moody.) (Herausgegeben von Marion Giraldo in Spanisch)<\/p>\n","protected":false},"excerpt":{"rendered":"<p>Rom (Reuters) &#8211; Papst Benedikt XVI. ging am Freitag in der \u00d6ffentlichkeit zum ersten Mal zu Beginn seiner Reise nach Lateinamerika, in ein Zeichen f\u00fcr seine zunehmende k\u00f6rperliche Schw\u00e4che durch einen Stock geholfen. Wer wird 85 Jahre alt im n\u00e4chsten Monat ging auf ein Flugzeug am Flughafen Rom-Fiumicino mit einem Stock, der Vatikan Reporter begleitete [&hellip;]<\/p>\n","protected":false},"author":1,"featured_media":0,"comment_status":"close","ping_status":"open","sticky":false,"template":"","format":"standard","meta":{"footnotes":""},"categories":[3],"tags":[],"class_list":["post-9861","post","type-post","status-publish","format-standard","hentry","category-allgemeine","et-doesnt-have-format-content","et_post_format-et-post-format-standard"],"_links":{"self":[{"href":"https:\/\/www.best-dentist-dentistry.com\/de\/wp-json\/wp\/v2\/posts\/9861","targetHints":{"allow":["GET"]}}],"collection":[{"href":"https:\/\/www.best-dentist-dentistry.com\/de\/wp-json\/wp\/v2\/posts"}],"about":[{"href":"https:\/\/www.best-dentist-dentistry.com\/de\/wp-json\/wp\/v2\/types\/post"}],"author":[{"embeddable":true,"href":"https:\/\/www.best-dentist-dentistry.com\/de\/wp-json\/wp\/v2\/users\/1"}],"replies":[{"embeddable":true,"href":"https:\/\/www.best-dentist-dentistry.com\/de\/wp-json\/wp\/v2\/comments?post=9861"}],"version-history":[{"count":0,"href":"https:\/\/www.best-dentist-dentistry.com\/de\/wp-json\/wp\/v2\/posts\/9861\/revisions"}],"wp:attachment":[{"href":"https:\/\/www.best-dentist-dentistry.com\/de\/wp-json\/wp\/v2\/media?parent=9861"}],"wp:term":[{"taxonomy":"category","embeddable":true,"href":"https:\/\/www.best-dentist-dentistry.com\/de\/wp-json\/wp\/v2\/categories?post=9861"},{"taxonomy":"post_tag","embeddable":true,"href":"https:\/\/www.best-dentist-dentistry.com\/de\/wp-json\/wp\/v2\/tags?post=9861"}],"curies":[{"name":"wp","href":"https:\/\/api.w.org\/{rel}","templated":true}]}}