{"id":9878,"date":"2012-07-11T02:26:49","date_gmt":"2012-07-11T02:26:49","guid":{"rendered":null},"modified":"-0001-11-30T00:00:00","modified_gmt":"-0001-11-30T00:00:00","slug":"a-new-healthcare-consultation-will-teach-to-treat-the-affected-35000-of-respiratory-diseases","status":"publish","type":"post","link":"https:\/\/www.best-dentist-dentistry.com\/de\/a-new-healthcare-consultation-will-teach-to-treat-the-affected-35000-of-respiratory-diseases\/9878","title":{"rendered":"Eine neue medizinische Beratung lernen die betroffenen 35.000 von Atemwegserkrankungen zu behandeln"},"content":{"rendered":"<p class=\"first\"> <span class=\"yshortcuts\" id=\"lw_1332854414_0\"> VALENCIA<\/span>, 27 (<span class=\"yshortcuts\" id=\"lw_1332854414_1\"> EUROPA PRESS<\/span>)<\/p>\n<p>35.000 Betroffene von <span class=\"yshortcuts\" id=\"lw_1332854414_2\"> Atemwegserkrankungen<\/span> Valencia haben eine neue Abfrage zeigen <span class=\"yshortcuts\" id=\"lw_1332854414_3\"> Orange<\/span> in denen unterrichtet sie \u00fcber ihre <span class=\"yshortcuts\" id=\"lw_1332854414_4\"> Krankheit<\/span>, sie werden zur Verbesserung ihrer Behandlung gelehrt werden und l\u00f6sen sie technische <span class=\"yshortcuts\" id=\"lw_1332854414_5\"> Fragen<\/span> zu <span class=\"yshortcuts\" id=\"lw_1332854414_6\"> Sauerstofftherapie<\/span>-Ger\u00e4te in ihren H\u00e4usern.<\/p>\n<p>Der Minister f\u00fcr <span class=\"yshortcuts\" id=\"lw_1332854414_7\"> Gesundheit<\/span>, <span class=\"yshortcuts\" id=\"lw_1332854414_8\"> Luis Rosado<\/span>, begleitet von Gesundheit, Lourdes Bernal, Stadtrat und der Generaldirektor von VitalAire auf der Iberischen Halbinsel, Philippe Lecerf, haben am Dienstag dieser Abfrage, die Patienten aus Krankenh\u00e4usern im Glauben dienen wird, er\u00f6ffnet dem Kliniker, der Peset, der General, der Arnau und Manises.<\/p>\n<p>Pink hat erkl\u00e4rt, dass in dieses Zentrum befindet sich auf der Avenue des alten K\u00f6nigreichs Valencia, es versuchen werden, um Menschen mit einer chronischen Atemwegserkrankungen erfordern &#8220;Knechtschaft eines Sauerstoff-Formulars in all seinen Formen beibehalten&#8221; und &#8220;eine regelm\u00e4\u00dfige Pr\u00fcfung der Behandlung, die sie, sowie umfangreiche Informationen wie regelm\u00e4\u00dfig der eigenen Behandlung erhalten&#8221; haben m\u00fcssen.<\/p>\n<p>Insbesondere Erkrankungen der Atemwege von Physiotherapeuten und Krankenschwestern in dieser Klinik behandelt werden werden die Schlafapnoe, chronisch obstruktive Lungenerkrankung (COPD), zystische Fibrose, sowie einschr\u00e4nkende Krankheiten unter anderem. Behandlungen, VitalAire angeboten, um Patienten mit Atemwegserkrankungen sind, Sauerstofftherapie, Aerosoltherapie, Management von Sekreten, L\u00fcftung und \u00dcberwachung.  <\/p>\n<p>Die Abfrage ist in drei Bereiche unterteilt: eine Pflege-Beratung f\u00fcr die Behandlung von Schlaf, eine medizinische Abfrage f\u00fcr die Anpassung der Sauerstoff der Gehf\u00e4higkeit und ein Konferenzraum f\u00fcr Schulungen in Atemwege Therapien von Patienten W\u00e4chter, in denen zum Beispiel wenn sie Beschwerden sp\u00fcren Atmung bei einem Bett sie gelehrt sind, sie zu \u00fcberwinden.<\/p>\n<p>Rosado hat betont, dass es eine Ma\u00dfnahme mehr ist, so dass Patienten &#8220;Verwalter der eigenen Krankheiten&#8221; sind und &#8220;wissen, wie man helfen kann&#8221;. Dar\u00fcber hinaus sind sie mit den Pulmonologists in der Region Valencia-Agentur der Gesundheit (AVS) koordiniert. <\/p>\n<p>Auf diese Weise hat der Direktor des VitalAire, Philippe Lecerf, angedeutet, dass dieses Zentrum soll &#8220;sch\u00fctzen Patienten und verhindern m\u00f6gliche akute Episoden oder potenziellen Einnahmen&#8221;, d.h. &#8220;effektiv verwalten und machen das Gesundheitssystem durch die Reduzierung der Hospitalisierungen nachhaltigere&#8221;.<\/p>\n<p>Rosado hat darauf hingewiesen, dass diese Klinik geh\u00f6rt das aktuelle Konzert, das bei der Behandlung der Sauerstofftherapie in der Provinz Valencia mit VitalAire, w\u00e4hrend in Castellon und Alicante vorhanden ist, wird das Konzert zu anderen kommerziellen H\u00e4user gew\u00e4hrt.<\/p>\n","protected":false},"excerpt":{"rendered":"<p>VALENCIA, 27 ( EUROPA PRESS) 35.000 Betroffene von Atemwegserkrankungen Valencia haben eine neue Abfrage zeigen Orange in denen unterrichtet sie \u00fcber ihre Krankheit, sie werden zur Verbesserung ihrer Behandlung gelehrt werden und l\u00f6sen sie technische Fragen zu Sauerstofftherapie-Ger\u00e4te in ihren H\u00e4usern. Der Minister f\u00fcr Gesundheit, Luis Rosado, begleitet von Gesundheit, Lourdes Bernal, Stadtrat und der [&hellip;]<\/p>\n","protected":false},"author":1,"featured_media":0,"comment_status":"close","ping_status":"open","sticky":false,"template":"","format":"standard","meta":{"footnotes":""},"categories":[3],"tags":[],"class_list":["post-9878","post","type-post","status-publish","format-standard","hentry","category-allgemeine","et-doesnt-have-format-content","et_post_format-et-post-format-standard"],"_links":{"self":[{"href":"https:\/\/www.best-dentist-dentistry.com\/de\/wp-json\/wp\/v2\/posts\/9878","targetHints":{"allow":["GET"]}}],"collection":[{"href":"https:\/\/www.best-dentist-dentistry.com\/de\/wp-json\/wp\/v2\/posts"}],"about":[{"href":"https:\/\/www.best-dentist-dentistry.com\/de\/wp-json\/wp\/v2\/types\/post"}],"author":[{"embeddable":true,"href":"https:\/\/www.best-dentist-dentistry.com\/de\/wp-json\/wp\/v2\/users\/1"}],"replies":[{"embeddable":true,"href":"https:\/\/www.best-dentist-dentistry.com\/de\/wp-json\/wp\/v2\/comments?post=9878"}],"version-history":[{"count":0,"href":"https:\/\/www.best-dentist-dentistry.com\/de\/wp-json\/wp\/v2\/posts\/9878\/revisions"}],"wp:attachment":[{"href":"https:\/\/www.best-dentist-dentistry.com\/de\/wp-json\/wp\/v2\/media?parent=9878"}],"wp:term":[{"taxonomy":"category","embeddable":true,"href":"https:\/\/www.best-dentist-dentistry.com\/de\/wp-json\/wp\/v2\/categories?post=9878"},{"taxonomy":"post_tag","embeddable":true,"href":"https:\/\/www.best-dentist-dentistry.com\/de\/wp-json\/wp\/v2\/tags?post=9878"}],"curies":[{"name":"wp","href":"https:\/\/api.w.org\/{rel}","templated":true}]}}