{"id":9910,"date":"2012-07-11T02:29:21","date_gmt":"2012-07-11T02:29:21","guid":{"rendered":null},"modified":"-0001-11-30T00:00:00","modified_gmt":"-0001-11-30T00:00:00","slug":"more-ear-stresses-the-importance-of-defending-the-right-to-life-against-the-dominant-fashion","status":"publish","type":"post","link":"https:\/\/www.best-dentist-dentistry.com\/de\/more-ear-stresses-the-importance-of-defending-the-right-to-life-against-the-dominant-fashion\/9910","title":{"rendered":"more ear stresses the importance of defending the right to life against the dominant fashion"},"content":{"rendered":"<p class=\"first\"> <span class=\"yshortcuts\" id=\"lw_1333113467_0\"> MADRID<\/span>, 30 (<span class=\"yshortcuts\" id=\"lw_1333113467_1\"> EUROPA PRESS<\/span>)<\/p>\n<p><span class=\"yshortcuts\" id=\"lw_1333113467_2\"> stellvertretender Vorsitzender<\/span> der <span class=\"yshortcuts\" id=\"lw_1333113467_3\"> EVP-Fraktion<\/span> (<span class=\"yshortcuts\" id=\"lw_1333113467_4\"> PPE<\/span>) und <span class=\"yshortcuts\" id=\"lw_1333113467_5\"> MEP<\/span> Jaime <span class=\"yshortcuts\" id=\"lw_1333113467_6\"> Mayor Oreja<\/span>, hat Donnerstag betonte die Bedeutung der Verteidigung das <span class=\"yshortcuts\" id=\"lw_1333113467_7\"> Recht auf Leben<\/span> des ungeborenen &#8220;von der dominierenden <span class=\"yshortcuts\"id=\"lw_1333113467_8\"> Mode<\/span> in Europa&#8221; und hat gebeten, die Organisationen &#39; pro-Life &#39; das ist nicht besch\u00e4mt, &#8220;einen Wert von vielen tausend Europ\u00e4er gemeinsam&#8221; zu verteidigen.<\/p>\n<p>So angegeben hatte, w\u00e4hrend eines Treffens der europ\u00e4ischen Verb\u00e4nde verteidigen das Leben der ungeborenen, die in Br\u00fcssel, unter dem Motto stattfand &#39; wir nicht damit abfinden, in der Verteidigung des ungeborenen &#39; und wurde von einer Gruppe von mehreren Mitgliedern aus verschiedenen Fraktionen und in denen rund 30 Organisationen aus 22 EU-L\u00e4ndern nahmen Teil gesponsert wurde.<\/p>\n<p>Somit zusammen mit den Projekttr\u00e4gern der Initiative, Jaime Mayor Oreja und der italienischen MdEP, Vorsitzender des Ausschusses f\u00fcr konstitutionelle Fragen des Europ\u00e4ischen Parlaments, Carlo Casini, beteiligte sich polnische MdEP und auch Vizepr\u00e4sident der EVP-Fraktion, Jan Olbrycht, Italiener Mario Mauro, Miroslav Mikolasik und Anna Z\u00e1borsk\u00e1 Slowaken; tschechisch Zuzana Roithov\u00e1, ungarisch L\u00e1szl\u00f3 Surj\u00e1n; Slowenisch Alojz Peterle deutschen Martin K\u00e4slerPeter Liese und Bernd Posselt; Polnische MEP der konservativen und reformistischen europ\u00e4ischen (ECR) Konrad Szymanski-Gruppe und der Liberalen Fraktion (ALDE), Hannu Takkula. finnische<\/p>\n<p>&#8220;Es ist eine beispiellose treffen durch die Dimension der Veranstalter und die Dimension der Kader und dahinter ist grunds\u00e4tzlich die wesentliche Idee nicht abfinden Kenntnis was eines dominanten Trends in Europa Verachtung f\u00fcr Leben, Verachtung f\u00fcr die Rechte der die nicht geboren und das Gef\u00fchl, dass diese neue Zeit, die wir zu leben mehr denn je eine St\u00e4rkung erfordert unsere Kernwerte und dem ersten&#8221; &#8220;Ihnen ist das Recht auf Leben&#8221;, sagte B\u00fcrgermeister Oreja.<\/p>\n<p>Wie erl\u00e4utert, Ziel ist es, auch &#8220;der Wunsch, eine Ver\u00e4nderung, eine Ver\u00e4nderung in der Haltung, eine \u00c4nderung der Trend einzuf\u00fchren, wenn es darum geht, die Werte von vielen Europ\u00e4ern gemeinsam zu verteidigen nicht sch\u00e4men&#8221;.<\/p>\n<p>&#8220;hoffen dieses Treffens werden institutionalisiert und verteidigen, die jedes Jahr, wir immer mehr Abgeordneten mit dieser Diagnose aller europ\u00e4ischen Institutionen und Verb\u00e4nde, die aufgerufen haben, das Recht auf Leben in diesen Institutionen&#8221;, wurde hinzugef\u00fcgt.<\/p>\n<p>Jeder der teilnehmenden Verb\u00e4nde &#8211; darunter einige Spanisch als ein Recht zu leben und die Familienpolitik Institut &#8211; erzielt eine Diagnose der Situation des Rechts auf Leben in verschiedenen L\u00e4ndern der EU und den Initiativen, die in jedem von ihnen getroffen werden.<\/p>\n<p>Europ\u00e4ische B\u00fcrgerinitiative<\/p>\n<p>F\u00fcr seinen Teil, der italienische Europaabgeordnete und Vorsitzende des Ausschusses f\u00fcr konstitutionelle Fragen des Europ\u00e4ischen Parlaments, Carlo Casini, hat angek\u00fcndigt, die Pr\u00e4sentation in eine Europ\u00e4ische B\u00fcrgerinitiative &#8220;in der Verteidigung des menschlichen Lebens&#8221; short, wirksam wird zu nutzen, die am 1. April die M\u00f6glichkeit, mit dieser Formel, so dass B\u00fcrger die Ver\u00f6ffentlichung der europ\u00e4ischen Rechtsvorschriften in bestimmten Angelegenheiten beanspruchen, wenn sie die Unterst\u00fctzung von mehr als 1 Million haben Unterschriften von mindestens sieben EU-L\u00e4ndern<\/p>\n<p>Casini hat erkl\u00e4rt, da\u00df wird dies ein &#8220;Volksinitiative&#8221;, die nicht durch die Abgeordneten und f\u00fcr die Schaffung eines Organisationskomitees f\u00fcr die Sammlung der ben\u00f6tigten Unterschriften geleitet werden wird. Auch darauf hingewiesen, dass der Titel der Initiative werden &#39; einer US &#39;, das entspricht &#8220;des Titels des Berichts des Nationalkomitees der Bioethik (Italienisch) \u00fcber den Status des menschlichen Embryos&#8221;.<\/p>\n<p>&#8220;Im Kern dieser Initiative suchen, dass die europ\u00e4ischen Institutionen interpretiert das Recht auf Leben und Achtung der Menschenw\u00fcrde, die in den Vertr\u00e4gen von der Empf\u00e4ngnis sind und daher bei der Verwendung von Fonds, die im Bereich der Gesundheit verf\u00fcgen, auf dem Gebiet der Entwicklungshilfe oder wissenschaftliche Forschung dient nicht die Zerst\u00f6rung des ungeborenen Menschen&#8221;, abgeschlossen wurde.<\/p>\n","protected":false},"excerpt":{"rendered":"<p>MADRID, 30 ( EUROPA PRESS) stellvertretender Vorsitzender der EVP-Fraktion ( PPE) und MEP Jaime Mayor Oreja, hat Donnerstag betonte die Bedeutung der Verteidigung das Recht auf Leben des ungeborenen &#8220;von der dominierenden Mode in Europa&#8221; und hat gebeten, die Organisationen &#39; pro-Life &#39; das ist nicht besch\u00e4mt, &#8220;einen Wert von vielen tausend Europ\u00e4er gemeinsam&#8221; zu [&hellip;]<\/p>\n","protected":false},"author":1,"featured_media":0,"comment_status":"close","ping_status":"open","sticky":false,"template":"","format":"standard","meta":{"footnotes":""},"categories":[3],"tags":[20752],"class_list":["post-9910","post","type-post","status-publish","format-standard","hentry","category-allgemeine","tag-fahrplan","et-doesnt-have-format-content","et_post_format-et-post-format-standard"],"_links":{"self":[{"href":"https:\/\/www.best-dentist-dentistry.com\/de\/wp-json\/wp\/v2\/posts\/9910","targetHints":{"allow":["GET"]}}],"collection":[{"href":"https:\/\/www.best-dentist-dentistry.com\/de\/wp-json\/wp\/v2\/posts"}],"about":[{"href":"https:\/\/www.best-dentist-dentistry.com\/de\/wp-json\/wp\/v2\/types\/post"}],"author":[{"embeddable":true,"href":"https:\/\/www.best-dentist-dentistry.com\/de\/wp-json\/wp\/v2\/users\/1"}],"replies":[{"embeddable":true,"href":"https:\/\/www.best-dentist-dentistry.com\/de\/wp-json\/wp\/v2\/comments?post=9910"}],"version-history":[{"count":0,"href":"https:\/\/www.best-dentist-dentistry.com\/de\/wp-json\/wp\/v2\/posts\/9910\/revisions"}],"wp:attachment":[{"href":"https:\/\/www.best-dentist-dentistry.com\/de\/wp-json\/wp\/v2\/media?parent=9910"}],"wp:term":[{"taxonomy":"category","embeddable":true,"href":"https:\/\/www.best-dentist-dentistry.com\/de\/wp-json\/wp\/v2\/categories?post=9910"},{"taxonomy":"post_tag","embeddable":true,"href":"https:\/\/www.best-dentist-dentistry.com\/de\/wp-json\/wp\/v2\/tags?post=9910"}],"curies":[{"name":"wp","href":"https:\/\/api.w.org\/{rel}","templated":true}]}}