{"id":9981,"date":"2012-07-11T02:56:35","date_gmt":"2012-07-11T02:56:35","guid":{"rendered":null},"modified":"-0001-11-30T00:00:00","modified_gmt":"-0001-11-30T00:00:00","slug":"the-supreme-should-endorse-health-care-reform-latino-activists-ask","status":"publish","type":"post","link":"https:\/\/www.best-dentist-dentistry.com\/de\/the-supreme-should-endorse-health-care-reform-latino-activists-ask\/9981","title":{"rendered":"the supreme should endorse health care reform latino activists ask"},"content":{"rendered":"<p class=\"first\"> Washington, 27. Juni (EFE).-die Latino-Gemeinschaft-Aktivisten forderte heute der Oberste Gerichtshof, die 2010 Gesundheitsreform, intakt zu lassen, weil dies die Situation der medizinischen Versorgung von Hispanics bereits verbessert hat.<\/p>\n<p>The Supreme Court, die ein Publikum von drei Tagen \u00fcber Gesundheitsreform im vergangenen April abgehalten, Morgen gibt seine Stellungnahme erwarteten auf der Verfassungsm\u00e4\u00dfigkeit der Ma\u00dfnahme, die die gr\u00f6\u00dfte legislative Triumph des Pr\u00e4sidenten, Barack Obama, in der Innenpolitik wurde.<\/p>\n<p>Das h\u00f6chste Gericht des Landes haben die Optionen der bef\u00fcrworten es oder in seiner Gesamtheit zu widerrufen oder k\u00fcndigen nur mindestens eine der umstrittensten Komponenten, einschlie\u00dflich m\u00f6glicherweise die obligatorische Krankenversicherung.<\/p>\n<p>Das Wei\u00dfe Haus und seine Verb\u00fcndeten innen und au\u00dfen Kongress zufolge das &#8220;Gesetz der Pflege bezahlbaren Arzt&#8221;, wie, Gesundheitsreform bekannt, hat bereits begonnen, Ungleichheiten des Zugangs zur Gesundheitsversorgung in USA, vor allem unter Minderheiten.<\/p>\n<p>&#8220;Das war nicht nur ein politischer Sieg f\u00fcr Pr\u00e4sident Obama;&#8221; Es war auch f\u00fcr alle Familien leiden unter den Auswirkungen der wirtschaftlich schwierigen Zeiten. &#8220;Gesundheitsversorgung sollte kein Privileg der wohlhabenden,&#8221; sagte Efe Eliseo Medina, International Beiratsmitglied der internationalen Service-Arbeiter Union (SEIU, unter ihrer Abk\u00fcrzung in englischer Sprache)<\/p>\n<p>&#8220;Latinos sind eher nicht Versicherung aus den USA haben&#8221;UU. und Reform erhalten Zugang zu Krankenversicherung um rund 9 Millionen zus\u00e4tzliche Latino. &#8220;Jeder hat das Recht auf einen Arzt besuchen und Betreuung und medizinische Behandlung zu erhalten, zu erschwinglichen Preisen&#8221; Medina hinzugef\u00fcgt.<\/p>\n<p>&#8220;Kann nicht nicht riskieren, dass unserer Community die M\u00f6glichkeit, Zugriff auf kritische Dienste haben verloren.&#8221; &#8220;Wir hoffen, dass der Oberste Gerichtshof auf der Seite der Arbeitnehmer und nicht f\u00fcr Kapitalgesellschaften,&#8221; sagte Gewerkschafter.<\/p>\n<p>Ist die umfassendste Reform des Gesundheitssystems in fast einem halben Jahrhundert seit der Gr\u00fcndung der Programme von &#8220;Medicare&#8221; f\u00fcr \u00e4ltere Menschen und Rentner und &#8220;Medicaid&#8221; f\u00fcr Menschen Armen.<\/p>\n<p>Reform, die im M\u00e4rz 2010 ohne republikanische Unterst\u00fctzung genehmigt wurde, garantiert Krankenversicherung rund 50 Millionen Menschen bis zum Jahr 2014 und verbietet Versicherer um Abdeckung zu Menschen mit fr\u00fcheren gesundheitlichen Problemen, unter anderem verweigern.<\/p>\n<p>Seine umstrittenste Punkt ist jedoch die Anforderung, dass die meisten Amerikaner Krankenversicherung kaufen oder eine feine Sammlung riskieren.<\/p>\n<p>Ehemalige US-Handelsminister.UU. Carlos Gutierrez stellt nicht in Frage, dass die Reform hat seine &#8220;positive Punkte&#8221; aber, Widerhallende Kritiker der Ma\u00dfnahme, betonte heute, dass es einen kostspieligen Eingriff der Regierung in der Wirtschaft ist.<\/p>\n<p>&#8220;Die Durchf\u00fchrung dieser Reform wird Kosten Billionen von Dollar, so dass es Auswirkungen auf die Wirtschaft haben, und 67 % der kleinen Unternehmen bereits sagte, da\u00df sie die Einstellung von Arbeitnehmern, auszusetzen&#8221;, sagte Efe Gutierrez in einem Telefon-Interview.<\/p>\n<p>&#8220;In drei, f\u00fcnf oder zehn Jahren, das eine unkontrollierbare Angelegenheit sein weil es eine riesige B\u00fcrokratie schaffen&#8221;. &#8220;sie wollen zur Kontrolle der Kosten durch die Zentralisierung der medizinischen Versorgung, aber ich denke, dass das System korrigiert werden kann, ohne in Hinf\u00e4lligkeit b\u00fcrokratisch,&#8221; sagte er.<\/p>\n<p>Ausfall wirkt sich Millionen von Latinos, die einer der Gruppen mit weniger Zugang zu Krankenversicherung brauchen mehr Vorsorge und, wie er den nationalen Rat von La Raza (NCLR) heute erinnerte an.<\/p>\n<p>Zwar die meisten \u00c4nderungen im Jahr 2014 wirksam werden, den gescheiterten haben Auswirkungen unter der am schnellsten wachsende Minderheit im Land, jenseits von Politik und den Wahlprozess.<\/p>\n<p>16 Millionen Hispanics hat heute keine Krankenversicherung, die ein Drittel der Bev\u00f6lkerung ohne diesen Vorteil darstellt.<\/p>\n<p>Die gr\u00f6\u00dfte Zunahme der Krankenversicherung im Rahmen der Reform nach NCLR w\u00fcrde mit 18,2 %, verglichen mit 10,9 % der Bev\u00f6lkerung im Allgemeinen unter Hispanics, aufgezeichnet werden.<\/p>\n<p>Eliseo Medina, International Beiratsmitglied des internationalen Verbandes Servicemitarbeitern. WireImage \/<\/p>\n","protected":false},"excerpt":{"rendered":"<p>Washington, 27. Juni (EFE).-die Latino-Gemeinschaft-Aktivisten forderte heute der Oberste Gerichtshof, die 2010 Gesundheitsreform, intakt zu lassen, weil dies die Situation der medizinischen Versorgung von Hispanics bereits verbessert hat. The Supreme Court, die ein Publikum von drei Tagen \u00fcber Gesundheitsreform im vergangenen April abgehalten, Morgen gibt seine Stellungnahme erwarteten auf der Verfassungsm\u00e4\u00dfigkeit der Ma\u00dfnahme, die die [&hellip;]<\/p>\n","protected":false},"author":1,"featured_media":0,"comment_status":"close","ping_status":"open","sticky":false,"template":"","format":"standard","meta":{"footnotes":""},"categories":[3],"tags":[],"class_list":["post-9981","post","type-post","status-publish","format-standard","hentry","category-allgemeine","et-doesnt-have-format-content","et_post_format-et-post-format-standard"],"_links":{"self":[{"href":"https:\/\/www.best-dentist-dentistry.com\/de\/wp-json\/wp\/v2\/posts\/9981","targetHints":{"allow":["GET"]}}],"collection":[{"href":"https:\/\/www.best-dentist-dentistry.com\/de\/wp-json\/wp\/v2\/posts"}],"about":[{"href":"https:\/\/www.best-dentist-dentistry.com\/de\/wp-json\/wp\/v2\/types\/post"}],"author":[{"embeddable":true,"href":"https:\/\/www.best-dentist-dentistry.com\/de\/wp-json\/wp\/v2\/users\/1"}],"replies":[{"embeddable":true,"href":"https:\/\/www.best-dentist-dentistry.com\/de\/wp-json\/wp\/v2\/comments?post=9981"}],"version-history":[{"count":0,"href":"https:\/\/www.best-dentist-dentistry.com\/de\/wp-json\/wp\/v2\/posts\/9981\/revisions"}],"wp:attachment":[{"href":"https:\/\/www.best-dentist-dentistry.com\/de\/wp-json\/wp\/v2\/media?parent=9981"}],"wp:term":[{"taxonomy":"category","embeddable":true,"href":"https:\/\/www.best-dentist-dentistry.com\/de\/wp-json\/wp\/v2\/categories?post=9981"},{"taxonomy":"post_tag","embeddable":true,"href":"https:\/\/www.best-dentist-dentistry.com\/de\/wp-json\/wp\/v2\/tags?post=9981"}],"curies":[{"name":"wp","href":"https:\/\/api.w.org\/{rel}","templated":true}]}}